{"id":10867,"date":"2025-10-02T19:17:29","date_gmt":"2025-10-02T19:17:29","guid":{"rendered":"https:\/\/www.europesays.com\/lv\/10867\/"},"modified":"2025-10-02T19:17:29","modified_gmt":"2025-10-02T19:17:29","slug":"gvido-dels-svens-debite-ar-solo-singlu-vai-juti-to-lente-lv","status":"publish","type":"post","link":"https:\/\/www.europesays.com\/lv\/10867\/","title":{"rendered":"Gvido d\u0113ls Svens debit\u0113 ar solo singlu &#8220;Vai j\u016bti to?&#8221;\u00a0\u2014\u00a0Lente.lv"},"content":{"rendered":"<p>Jauns Lingas dzimtas muzik\u0101lais talants Latvijas skatuv\u0113<\/p>\n<p>M\u016bzikas pasaul\u0113 ien\u0101cis jauns un daudzsolo\u0161s v\u0101rds \u2013 Svens Linga, le\u0123end\u0101r\u0101 m\u016bzi\u0137a Gvido Lingas d\u0113ls. Svens sper drosm\u012bgu soli sav\u0101 m\u0101kslinieciskaj\u0101 ce\u013c\u0101, debit\u0113jot ar savu pirmo solo singlu \u201cVai j\u016bti to?\u201d. Lai gan \u0161is ir vi\u0146a debijas singls k\u0101 solo m\u0101ksliniekam, m\u016bzikas aprind\u0101s Svens nav sve\u0161inieks, jo jau agr\u0101k darbojies grup\u0101 \u201cLinga\u201d un citos projektos, apliecinot savu pieder\u012bbu muzik\u0101lajai dinastijai .<\/p>\n<p>Emocion\u0101ls v\u0113st\u012bjums jaunaj\u0101 dziesm\u0101<\/p>\n<p>Singls \u201cVai j\u016bti to?\u201d ir personisks un dzi\u013ci emocion\u0101ls ska\u0146darbs, kas ved klaus\u012bt\u0101ju p\u0101rdomu ce\u013cojum\u0101. Dziesmas m\u016bziku un v\u0101rdus rad\u012bjis pats Svens, un t\u0101s pamats tapis laik\u0101, kad vi\u0146\u0161 dz\u012bvoja un stud\u0113ja Be\u013c\u0123ij\u0101 . Svens atkl\u0101j, ka dziesmas v\u0101rdi radu\u0161ies dabiski, balstoties uz dz\u012bves pieredzi, un p\u0113c tam tie veiksm\u012bgi savienoti ar melodiju . \u0160is singls apliecina, ka Lingas dzimtas muzik\u0101l\u0101 trad\u012bcija turpin\u0101s jaunaj\u0101 paaudz\u0113, vienlaikus iez\u012bm\u0113jot Svena unik\u0101lo m\u0101ksliniecisko identit\u0101ti Latvijas m\u016bzikas ainav\u0101 .<\/p>\n<p>Atsaucoties uz pag\u0101tni, raugoties n\u0101kotn\u0113<\/p>\n<p>Svens Linga turpina savas \u0123imenes muzik\u0101l\u0101s trad\u012bcijas, tom\u0113r vienlaikus veido savu at\u0161\u0137ir\u012bgo m\u0101ksliniecisko ce\u013cu . Jau iepriek\u0161 Svens ir velt\u012bjis dziesmu savam t\u0113vam Gvido Lingam, pieminot vi\u0146u ar kompoz\u012bciju \u201cNav gr\u016bti, nav viegli\u201d . Tas apliecina dzi\u013co saikni ar \u0123imenes mantojumu, vienlaikus demonstr\u0113jot sp\u0113ju rad\u012bt ko jaunu un personisku. \u0160\u012b jaun\u0101 solo dziesma ir apliecin\u0101jums Svena gatav\u012bbai doties sav\u0101 ce\u013c\u0101, ienesot svaigas v\u0113smas Latvijas m\u016bzik\u0101.<\/p>\n<p>Videoklips k\u0101 vizu\u0101ls papildin\u0101jums<\/p>\n<p>Dziesmai \u201cVai j\u016bti to?\u201d tapis ar\u012b vizu\u0101li sp\u0113c\u012bgs videoklips, kas papildina dziesmas emocion\u0101lo v\u0113st\u012bjumu . Videoklipa tap\u0161an\u0101 piedal\u012bju\u0161\u0101s Edmunda Veiz\u0101na Deju skolas audz\u0113knes horeogr\u0101fes Loretas Veinbergas vad\u012bb\u0101, un film\u0113\u0161ana notikusi R\u012bgas Cirka iek\u0161pagalm\u0101 . Re\u017eiju veidoju\u0161i Igors Linga un Anrijs Priede, bet par dziesmas skan\u0113jumu r\u016bp\u0113jies producents Edijs G\u0146edovskis no Gem Studio .<\/p>\n","protected":false},"excerpt":{"rendered":"Jauns Lingas dzimtas muzik\u0101lais talants Latvijas skatuv\u0113 M\u016bzikas pasaul\u0113 ien\u0101cis jauns un daudzsolo\u0161s v\u0101rds \u2013 Svens Linga, le\u0123end\u0101r\u0101&hellip;\n","protected":false},"author":2,"featured_media":10868,"comment_status":"","ping_status":"","sticky":false,"template":"","format":"standard","meta":{"footnotes":""},"categories":[19],"tags":[89,4063,90,35,39,38,194,36,37,34,40,4064,4062,3182],"class_list":{"0":"post-10867","1":"post","2":"type-post","3":"status-publish","4":"format-standard","5":"has-post-thumbnail","7":"category-izklaide","8":"tag-entertainment","9":"tag-gvido-linga","10":"tag-izklaide","11":"tag-latvia","12":"tag-latvian","13":"tag-latviesu","14":"tag-latviesu-muzika","15":"tag-latviesu-valoda","16":"tag-latviesuvaloda","17":"tag-latvija","18":"tag-lv","19":"tag-solo-debija","20":"tag-svens-linga","21":"tag-vai-juti-to"},"share_on_mastodon":{"url":"","error":""},"_links":{"self":[{"href":"https:\/\/www.europesays.com\/lv\/wp-json\/wp\/v2\/posts\/10867","targetHints":{"allow":["GET"]}}],"collection":[{"href":"https:\/\/www.europesays.com\/lv\/wp-json\/wp\/v2\/posts"}],"about":[{"href":"https:\/\/www.europesays.com\/lv\/wp-json\/wp\/v2\/types\/post"}],"author":[{"embeddable":true,"href":"https:\/\/www.europesays.com\/lv\/wp-json\/wp\/v2\/users\/2"}],"replies":[{"embeddable":true,"href":"https:\/\/www.europesays.com\/lv\/wp-json\/wp\/v2\/comments?post=10867"}],"version-history":[{"count":0,"href":"https:\/\/www.europesays.com\/lv\/wp-json\/wp\/v2\/posts\/10867\/revisions"}],"wp:featuredmedia":[{"embeddable":true,"href":"https:\/\/www.europesays.com\/lv\/wp-json\/wp\/v2\/media\/10868"}],"wp:attachment":[{"href":"https:\/\/www.europesays.com\/lv\/wp-json\/wp\/v2\/media?parent=10867"}],"wp:term":[{"taxonomy":"category","embeddable":true,"href":"https:\/\/www.europesays.com\/lv\/wp-json\/wp\/v2\/categories?post=10867"},{"taxonomy":"post_tag","embeddable":true,"href":"https:\/\/www.europesays.com\/lv\/wp-json\/wp\/v2\/tags?post=10867"}],"curies":[{"name":"wp","href":"https:\/\/api.w.org\/{rel}","templated":true}]}}