{"id":108692,"date":"2026-01-19T15:11:08","date_gmt":"2026-01-19T15:11:08","guid":{"rendered":"https:\/\/www.europesays.com\/lv\/108692\/"},"modified":"2026-01-19T15:11:08","modified_gmt":"2026-01-19T15:11:08","slug":"sadzive-elektrotraumu-skaits-pern-latvija-samazinajies-par-30","status":"publish","type":"post","link":"https:\/\/www.europesays.com\/lv\/108692\/","title":{"rendered":"Sadz\u012bv\u0113 elektrotraumu skaits p\u0113rn Latvij\u0101 samazin\u0101jies par 30%"},"content":{"rendered":"<p>Latvij\u0101 pag\u0101ju\u0161aj\u0101 gad\u0101 re\u0123istr\u0113tas 35 sadz\u012bv\u0113 g\u016btas elektrotraumas, kas ir par 30% maz\u0101k nek\u0101 gadu iepriek\u0161, kad tika fiks\u0113tas 50 elektrotraumas, inform\u0113 AS &#8220;Sadales t\u012bkls&#8221;.<\/p>\n<p>Tostarp elektrotraumas p\u0113rn guvu\u0161i 12 b\u0113rni un 23 pieaugu\u0161ie. Jaun\u0101kais elektrisk\u0101s str\u0101vas triecienu guvu\u0161ais b\u0113rns bija nepilnu pusotru gadu vecs, savuk\u0101rt viena no 23 pieaugu\u0161o elektrotraum\u0101m bija ar let\u0101l\u0101m sek\u0101m.<\/p>\n<p>\u0160\u012bs ir re\u0123istr\u0113t\u0101s elektrotraumas jeb t\u0101das, par kur\u0101m izsaukumu sa\u0146\u0113ma Neatliekam\u0101s medic\u012bnisk\u0101s pal\u012bdz\u012bbas dienests, piebilst komp\u0101nij\u0101.<\/p>\n<p>P\u0113rn sal\u012bdzin\u0101jum\u0101 ar gadu iepriek\u0161 b\u0113rnu g\u016bto elektrotraumu skaits sarucis no 14 gad\u012bjumiem l\u012bdz 12, kam\u0113r elektrotraumu skaits pieaugu\u0161ajiem sarucis no 36 gad\u012bjumiem l\u012bdz 23. P\u0113rn mazin\u0101jies ar\u012b let\u0101lo elektrotraumu skaits &#8211; re\u0123istr\u0113ta viena iepretim trim 2024. gad\u0101.<\/p>\n<p>&#8220;Sadales t\u012bkla&#8221; izpilddirektors Sandis Jansons nor\u0101da, ka samazin\u0101jums elektrotraumu skait\u0101 \u013cauj cer\u0113t, ka darbs sabiedr\u012bbas izgl\u012bto\u0161an\u0101 par elektrodro\u0161\u012bbu un ar\u012b normat\u012bvu izmai\u0146u virz\u012b\u0161an\u0101 par oblig\u0101tiem str\u0101vas nopl\u016bdes autom\u0101tsl\u0113d\u017eiem jaun\u0101s \u0113k\u0101s vai veicot eso\u0161\u0101s elektroinstal\u0101cijas nomai\u0146u nes rezult\u0101tu.<\/p>\n<p>&#8220;Darbs v\u0113l ir dar\u0101ms, jo negad\u012bjumi joproj\u0101m notiek, un diem\u017e\u0113l nereti pavir\u0161as pieaugu\u0161o attieksmes rezult\u0101t\u0101 cie\u0161 b\u0113rni,&#8221; pau\u017e Jansons, piebilstot, ka &#8220;Sadales t\u012bkls&#8221; turpin\u0101s elektrodro\u0161\u012bbas aktivit\u0101tes.<\/p>\n<p>Puse no p\u0113rn elektrotraumas guvu\u0161ajiem b\u0113rniem bija vecum\u0101 l\u012bdz pieciem gadiem, otra puse &#8211; pusaud\u017ei. Mazo b\u0113rnu elektrotraumas visbie\u017e\u0101k saist\u012btas ar br\u012bvi pieejam\u0101m rozet\u0113m &#8211; m\u0113\u0123in\u0101jumiem ieb\u0101zt kontaktligzd\u0101 matadatas vai citus nelielus priek\u0161metus vai pirkstus, pieskar\u0161anos atsegt\u0101m str\u0101vvado\u0161aj\u0101m da\u013c\u0101m, piem\u0113ram, m\u0101jok\u013ca remonta laik\u0101, savuk\u0101rt pusaud\u017ei elektrisk\u0101s str\u0101vas triecienu nereti guvu\u0161i no boj\u0101tiem vai neizol\u0113tiem vadiem. Piem\u0113ram, k\u0101da pusaudze guva elektrotraumu, jo piesk\u0101r\u0101s kailiem elektr\u012bbas vadiem \u0161\u0137\u016bn\u012b, k\u0101ds pusaudzis elektrisk\u0101s str\u0101vas triecienu sa\u0146\u0113ma no boj\u0101tas egl\u012btes lampi\u0146u virtenes, bet v\u0113l k\u0101ds cits pusaudzis cieta, m\u0101j\u0101s pieskaroties m\u0101jdz\u012bvnieka sagrauztiem vadiem. P\u0113c negad\u012bjuma jaunieti bija nepiecie\u0161ams hospitaliz\u0113t.<\/p>\n<p>P\u0113rn Latvij\u0101 ir fiks\u0113ta viena let\u0101la elektrotrauma, ko guva sieviete saskarsm\u0113 ar, visticam\u0101k, boj\u0101tu apgaismes \u0137ermeni. Sa\u0146emtais elektrisk\u0101s str\u0101vas trieciens bija tik sp\u0113c\u012bgs, ka vi\u0146a g\u0101ja boj\u0101.<\/p>\n<p>Citi pieaugu\u0161o g\u016bto elektrotraumu c\u0113lo\u0146i, l\u012bdz\u012bgi k\u0101 citus gadus, saist\u012bti gan ar boj\u0101tu elektroier\u012b\u010du izmanto\u0161anu, gan neuzman\u012bbu vai neapdom\u012bbu, piem\u0113ram, veicot no sprieguma neatsl\u0113gtu iek\u0101rtu remontdarbus. P\u0113rn elektrisk\u0101s str\u0101vas triecienu sa\u0146\u0113ma k\u0101ds v\u012brietis br\u012bd\u012b, kad pats laboja rozetei piesl\u0113gtu virtuves elektrotehniku. V\u0113l k\u0101ds pieaugu\u0161ais elektrotraumu guva, jo m\u0101jokl\u012b veica kontaktligzdas nomai\u0146u, pirms tam neatsl\u0113dzot elektr\u012bbas padevi \u012bpa\u0161umam. \u0160\u0101dos apst\u0101k\u013cos g\u016btas elektrotraumas var b\u016bt \u012bpa\u0161i b\u012bstamas, t\u0101p\u0113c, pirms veikt jebk\u0101dus darbus, kuru laik\u0101 past\u0101v iesp\u0113jam\u012bba aizskart m\u0101jok\u013ca elektroinstal\u0101ciju, ir j\u0101p\u0101rtrauc elektr\u012bbas padeve, atsl\u0113dzot attiec\u012bgos elektr\u012bbas dro\u0161\u012bbas sl\u0113d\u017eus jeb &#8220;kor\u0137us&#8221;. Savuk\u0101rt, veicot elektroier\u012bces remontdarbus vai t\u012br\u012b\u0161anu, t\u0101 vispirms j\u0101atvieno no str\u0101vas avota, un dro\u0161\u0101k \u0161\u0101dus darbus ir uztic\u0113t elektrospeci\u0101listam.<\/p>\n<p>Lai m\u0101joklis b\u016btu dro\u0161s iem\u012btniekiem, j\u0101piev\u0113r\u0161 uzman\u012bba m\u0101jok\u013ca elektroinstal\u0101cijas tehniskajam st\u0101voklim. Saska\u0146\u0101 ar ugunsdro\u0161\u012bbas noteikumiem katram m\u0101jok\u013ca \u012bpa\u0161niekam elektroinstal\u0101cijas p\u0101rbaude ir j\u0101organiz\u0113 vismaz reizi 10 gados, piesaistot kvalific\u0113tu elektrospeci\u0101listu. Papildu dro\u0161\u012bbai \u012bpa\u0161um\u0101 ir b\u016btiski ieviest ar\u012b str\u0101vas nopl\u016bdes autom\u0101tsl\u0113d\u017eus.<\/p>\n<p>&#8220;Sadales t\u012bkls&#8221; ir valstij piedero\u0161aj\u0101 &#8220;Latvenergo&#8221; koncern\u0101 ietilpsto\u0161s elektrot\u012bkla uztur\u0113t\u0101js un att\u012bst\u012bt\u0101js Latvij\u0101. Komp\u0101nija nodro\u0161ina sadales elektrot\u012bklu ekspluat\u0101ciju, atjauno\u0161anu un pl\u0101nveida att\u012bst\u012bbu, elektroener\u0123ijas izlieto\u0161anas uzraudz\u012bbu, zudumu samazin\u0101\u0161anas pas\u0101kumus un elektroener\u0123ijas uzskaiti, k\u0101 ar\u012b veic jaunu piesl\u0113gumu izveidi.<\/p>\n","protected":false},"excerpt":{"rendered":"Latvij\u0101 pag\u0101ju\u0161aj\u0101 gad\u0101 re\u0123istr\u0113tas 35 sadz\u012bv\u0113 g\u016btas elektrotraumas, kas ir par 30% maz\u0101k nek\u0101 gadu iepriek\u0161, kad tika&hellip;\n","protected":false},"author":2,"featured_media":108693,"comment_status":"","ping_status":"","sticky":false,"template":"","format":"standard","meta":{"footnotes":""},"categories":[12],"tags":[23,28,29,47,32,33,22,381,64,30,31,35,39,38,36,37,34,40,20,385,26,27,172,382,384,383,24,25,21],"class_list":{"0":"post-108692","1":"post","2":"type-post","3":"status-publish","4":"format-standard","5":"has-post-thumbnail","7":"category-latvija","8":"tag-aktualitates","9":"tag-breaking-news","10":"tag-breakingnews","11":"tag-ekonomika","12":"tag-featured-news","13":"tag-featurednews","14":"tag-headlines","15":"tag-jaunumi","16":"tag-kultura","17":"tag-latest-news","18":"tag-latestnews","19":"tag-latvia","20":"tag-latvian","21":"tag-latviesu","22":"tag-latviesu-valoda","23":"tag-latviesuvaloda","24":"tag-latvija","25":"tag-lv","26":"tag-news","27":"tag-pieriga","28":"tag-popularakas-zinas","29":"tag-popularakaszinas","30":"tag-riga","31":"tag-sabiedriba","32":"tag-sludinajumi","33":"tag-sports-afisa","34":"tag-top-stories","35":"tag-topstories","36":"tag-zinas"},"share_on_mastodon":{"url":"https:\/\/pubeurope.com\/@lv\/115922408789319654","error":""},"_links":{"self":[{"href":"https:\/\/www.europesays.com\/lv\/wp-json\/wp\/v2\/posts\/108692","targetHints":{"allow":["GET"]}}],"collection":[{"href":"https:\/\/www.europesays.com\/lv\/wp-json\/wp\/v2\/posts"}],"about":[{"href":"https:\/\/www.europesays.com\/lv\/wp-json\/wp\/v2\/types\/post"}],"author":[{"embeddable":true,"href":"https:\/\/www.europesays.com\/lv\/wp-json\/wp\/v2\/users\/2"}],"replies":[{"embeddable":true,"href":"https:\/\/www.europesays.com\/lv\/wp-json\/wp\/v2\/comments?post=108692"}],"version-history":[{"count":0,"href":"https:\/\/www.europesays.com\/lv\/wp-json\/wp\/v2\/posts\/108692\/revisions"}],"wp:featuredmedia":[{"embeddable":true,"href":"https:\/\/www.europesays.com\/lv\/wp-json\/wp\/v2\/media\/108693"}],"wp:attachment":[{"href":"https:\/\/www.europesays.com\/lv\/wp-json\/wp\/v2\/media?parent=108692"}],"wp:term":[{"taxonomy":"category","embeddable":true,"href":"https:\/\/www.europesays.com\/lv\/wp-json\/wp\/v2\/categories?post=108692"},{"taxonomy":"post_tag","embeddable":true,"href":"https:\/\/www.europesays.com\/lv\/wp-json\/wp\/v2\/tags?post=108692"}],"curies":[{"name":"wp","href":"https:\/\/api.w.org\/{rel}","templated":true}]}}