{"id":108694,"date":"2026-01-19T15:12:15","date_gmt":"2026-01-19T15:12:15","guid":{"rendered":"https:\/\/www.europesays.com\/lv\/108694\/"},"modified":"2026-01-19T15:12:15","modified_gmt":"2026-01-19T15:12:15","slug":"rihards-bukarts-aizstas-abolu-olimpiskas-hokeja-izlases-sastava","status":"publish","type":"post","link":"https:\/\/www.europesays.com\/lv\/108694\/","title":{"rendered":"Rihards Bukarts aizst\u0101s \u0100bolu olimpisk\u0101s hokeja izlases sast\u0101v\u0101"},"content":{"rendered":"<p>Vienreiz karjer\u0101 l\u012bdz \u0161im Rihards Bukarts piedal\u012bj\u0101s olimpiskaj\u0101s sp\u0113l\u0113s \u2013 2022. gad\u0101 Pekin\u0101. Turn\u012brs \u010detr\u0101s sp\u0113l\u0113s vi\u0146\u0161 pie rezultativit\u0101tes punktiem netika.<\/p>\n<p>Rihards Bukarts ar 11 (3+8) punktiem 10 sp\u0113l\u0113s bija Latvijas izlases rezultat\u012bv\u0101kais sp\u0113l\u0113t\u0101js 2023. gada pasaules \u010dempion\u0101t\u0101, kad izdev\u0101s izc\u012bn\u012bt bronzas meda\u013cas.<\/p>\n<p>Latvijas hokejisti Mil\u0101nas un Kort\u012bnas olimpiskaj\u0101s sp\u0113l\u0113s C grup\u0101 tiksies ar ASV, V\u0101ciju un D\u0101niju. C grupas pirmaj\u0101 ma\u010d\u0101 12. febru\u0101r\u012b latvie\u0161i sp\u0113kosies ar ASV, 14. febru\u0101r\u012b paredz\u0113ta sp\u0113le ar V\u0101ciju, bet dienu v\u0113l\u0101k Latvijas hokejisti st\u0101sies pret\u012b D\u0101nijai.<\/p>\n<p>Olimpisko sp\u0113\u013cu hokeja turn\u012br\u0101 b\u016bs tr\u012bs grupas. A grup\u0101 sp\u0113kosies Kan\u0101da, \u010cehija, \u0160veice un Francija, bet B grup\u0101 c\u012bn\u012bsies Somija, Zviedrija, Slov\u0101kija un It\u0101lija.<\/p>\n<p>Katras grupas uzvar\u0113t\u0101ja un lab\u0101k\u0101 no otr\u0101s vietas ieguv\u0113j\u0101m uzreiz kvalific\u0113sies ceturtda\u013cfin\u0101lam, bet p\u0101r\u0113j\u0101s vien\u012bbas c\u012bn\u012bsies astotda\u013cfin\u0101l\u0101.<\/p>\n<p>Olimpiskais v\u012brie\u0161u hokeja turn\u012brs norisin\u0101sies no 11. l\u012bdz 22. febru\u0101rim.<\/p>\n","protected":false},"excerpt":{"rendered":"Vienreiz karjer\u0101 l\u012bdz \u0161im Rihards Bukarts piedal\u012bj\u0101s olimpiskaj\u0101s sp\u0113l\u0113s \u2013 2022. gad\u0101 Pekin\u0101. Turn\u012brs \u010detr\u0101s sp\u0113l\u0113s vi\u0146\u0161 pie&hellip;\n","protected":false},"author":2,"featured_media":108695,"comment_status":"","ping_status":"","sticky":false,"template":"","format":"standard","meta":{"footnotes":""},"categories":[5],"tags":[23,28,29,32,33,22,836,394,721,30,31,35,39,38,36,37,34,2108,1532,40,20,1500,26,27,1536,837,24,25,527,21],"class_list":{"0":"post-108694","1":"post","2":"type-post","3":"status-publish","4":"format-standard","5":"has-post-thumbnail","7":"category-aktualitates","8":"tag-aktualitates","9":"tag-breaking-news","10":"tag-breakingnews","11":"tag-featured-news","12":"tag-featurednews","13":"tag-headlines","14":"tag-hokeja-jaunumi","15":"tag-hokejs","16":"tag-hokejs-pasaule","17":"tag-latest-news","18":"tag-latestnews","19":"tag-latvia","20":"tag-latvian","21":"tag-latviesu","22":"tag-latviesu-valoda","23":"tag-latviesuvaloda","24":"tag-latvija","25":"tag-latvija-olimpiskajas-speles","26":"tag-latvijas-hokeja-izlase","27":"tag-lv","28":"tag-news","29":"tag-olimpiskas-speles","30":"tag-popularakas-zinas","31":"tag-popularakaszinas","32":"tag-rihards-bukarts","33":"tag-rodrigo-abols","34":"tag-top-stories","35":"tag-topstories","36":"tag-ziemas-olimpiskas-speles","37":"tag-zinas"},"share_on_mastodon":{"url":"https:\/\/pubeurope.com\/@lv\/115922412702409405","error":""},"_links":{"self":[{"href":"https:\/\/www.europesays.com\/lv\/wp-json\/wp\/v2\/posts\/108694","targetHints":{"allow":["GET"]}}],"collection":[{"href":"https:\/\/www.europesays.com\/lv\/wp-json\/wp\/v2\/posts"}],"about":[{"href":"https:\/\/www.europesays.com\/lv\/wp-json\/wp\/v2\/types\/post"}],"author":[{"embeddable":true,"href":"https:\/\/www.europesays.com\/lv\/wp-json\/wp\/v2\/users\/2"}],"replies":[{"embeddable":true,"href":"https:\/\/www.europesays.com\/lv\/wp-json\/wp\/v2\/comments?post=108694"}],"version-history":[{"count":0,"href":"https:\/\/www.europesays.com\/lv\/wp-json\/wp\/v2\/posts\/108694\/revisions"}],"wp:featuredmedia":[{"embeddable":true,"href":"https:\/\/www.europesays.com\/lv\/wp-json\/wp\/v2\/media\/108695"}],"wp:attachment":[{"href":"https:\/\/www.europesays.com\/lv\/wp-json\/wp\/v2\/media?parent=108694"}],"wp:term":[{"taxonomy":"category","embeddable":true,"href":"https:\/\/www.europesays.com\/lv\/wp-json\/wp\/v2\/categories?post=108694"},{"taxonomy":"post_tag","embeddable":true,"href":"https:\/\/www.europesays.com\/lv\/wp-json\/wp\/v2\/tags?post=108694"}],"curies":[{"name":"wp","href":"https:\/\/api.w.org\/{rel}","templated":true}]}}