{"id":108760,"date":"2026-01-19T16:43:24","date_gmt":"2026-01-19T16:43:24","guid":{"rendered":"https:\/\/www.europesays.com\/lv\/108760\/"},"modified":"2026-01-19T16:43:24","modified_gmt":"2026-01-19T16:43:24","slug":"rastorgujeva-komanda-skaidro-vina-nestartesanu-pasaules-kausa-izcinas-posma","status":"publish","type":"post","link":"https:\/\/www.europesays.com\/lv\/108760\/","title":{"rendered":"Rastorgujeva komanda skaidro vi\u0146a nestart\u0113\u0161anu Pasaules kausa izc\u012b\u0146as posm\u0101"},"content":{"rendered":"<p>Rastorgujevs p\u0113c treni\u0146nometnes dosies uz olimpiskaj\u0101m sp\u0113l\u0113m.<\/p>\n<p>Aizvad\u012bt\u0101s ned\u0113\u013cas nogal\u0113 Rastorgujevs R\u016bpolding\u0101 desmit kilometru sprint\u0101 izc\u012bn\u012bja 31. vietu, bet iedz\u012b\u0161anas sacens\u012bb\u0101s ierindoj\u0101s 35. poz\u012bcij\u0101.<\/p>\n<p>Kopv\u0113rt\u0113jum\u0101 Rastorgujevs ar 57 punktiem atrodas 44. poz\u012bcij\u0101, kam\u0113r no Latvijas biatlonistiem augst\u0101k ir Ren\u0101rs Birkent\u0101ls, kur\u0161 ar 63 punktiem ir 41. viet\u0101.<\/p>\n<p>PK sestais posms Nove Mesto norisin\u0101sies no 22. l\u012bdz 25. janv\u0101rim, bet n\u0101kam\u0101s sacens\u012bbas biatlonistiem b\u016bs jau Mil\u0101nas un Kort\u012bnas d&#8217;Ampeco olimpiskaj\u0101s sp\u0113l\u0113s febru\u0101r\u012b. P\u0113c Olimpi\u0101des biatlonistus gaida v\u0113l tr\u012bs PK posmi.<\/p>\n<p>Rastorgujevs 2014. gad\u0101 k\u013cuva par Eiropas \u010dempionu 20 kilometru individu\u0101laj\u0101 distanc\u0113, bet \u010detrus gadus v\u0113l\u0101k bija lab\u0101kais ar\u012b desmit kilometru sprint\u0101. Savuk\u0101rt 2024. gad\u0101 vi\u0146\u0161 k\u013cuva par pasaules vice\u010dempionu 15 kilometru masu start\u0101. Biatlonists piedal\u012bjies ar\u012b tr\u012bs olimpiskaj\u0101s sp\u0113l\u0113s, lab\u0101ko rezult\u0101tu &#8211; dev\u012bto vietu &#8211; sasniedzot So\u010du Olimpi\u0101d\u0113 iedz\u012b\u0161anas distanc\u0113.<\/p>\n<p>Latvijai olimpiskaj\u0101s sp\u0113l\u0113s ir pa \u010detr\u0101m kvot\u0101m v\u012brie\u0161u un sievie\u0161u konkurenc\u0113. Atlase tika veikta saska\u0146\u0101 ar iepriek\u0161 apstiprin\u0101to atlases nolikumu, izv\u0113rt\u0113jot sportistu sniegumu Pasaules kausa un IBU kausa sacens\u012bb\u0101s.<\/p>\n<p>Olimpiskaj\u0101s sp\u0113l\u0113s sievie\u0161u sacens\u012bb\u0101s start\u0113s Baiba Bendika, Estere Volfa, Sanita Buli\u0146a, Annija Keita Sabule, bet v\u012brie\u0161u &#8211; <a href=\"https:\/\/www.apollo.lv\/term\/556117\/andrejs-rastorgujevs\" class=\"topicLink\" target=\"_blank\" rel=\"nofollow noopener\">Andrejs Rastorgujevs<\/a>, Ren\u0101rs Birkent\u0101ls, Rihards Lozbers un Edgars Mise.<\/p>\n<p>V\u012brie\u0161u izlases galvenais treneris b\u016bs K\u0101rlis Vanags, sievie\u0161u komandu vad\u012bs Agnese Caune, trenera status\u0101 b\u016bs Valdis B\u0113rzi\u0146\u0161, par \u0161au\u0161anas treneri str\u0101d\u0101s Vasils Muk\u0161ins, bet par psiholo\u0123isk\u0101s sagatavot\u012bbas treneri &#8211; P\u0113rs Ulafs Treter\u016bds.<\/p>\n<p>Servisa komand\u0101 b\u016bs Reinis Kors\u016bnovs, Edgars Piksons un \u016ale Bjerns Treter\u016bds.<\/p>\n","protected":false},"excerpt":{"rendered":"Rastorgujevs p\u0113c treni\u0146nometnes dosies uz olimpiskaj\u0101m sp\u0113l\u0113m. Aizvad\u012bt\u0101s ned\u0113\u013cas nogal\u0113 Rastorgujevs R\u016bpolding\u0101 desmit kilometru sprint\u0101 izc\u012bn\u012bja 31. vietu,&hellip;\n","protected":false},"author":2,"featured_media":108761,"comment_status":"","ping_status":"","sticky":false,"template":"","format":"standard","meta":{"footnotes":""},"categories":[5],"tags":[23,1498,1499,28,29,32,33,22,30,31,35,39,38,36,37,34,40,20,26,27,24,25,21],"class_list":{"0":"post-108760","1":"post","2":"type-post","3":"status-publish","4":"format-standard","5":"has-post-thumbnail","7":"category-aktualitates","8":"tag-aktualitates","9":"tag-andrejs-rastorgujevs","10":"tag-biatlons","11":"tag-breaking-news","12":"tag-breakingnews","13":"tag-featured-news","14":"tag-featurednews","15":"tag-headlines","16":"tag-latest-news","17":"tag-latestnews","18":"tag-latvia","19":"tag-latvian","20":"tag-latviesu","21":"tag-latviesu-valoda","22":"tag-latviesuvaloda","23":"tag-latvija","24":"tag-lv","25":"tag-news","26":"tag-popularakas-zinas","27":"tag-popularakaszinas","28":"tag-top-stories","29":"tag-topstories","30":"tag-zinas"},"share_on_mastodon":{"url":"https:\/\/pubeurope.com\/@lv\/115922770552413720","error":""},"_links":{"self":[{"href":"https:\/\/www.europesays.com\/lv\/wp-json\/wp\/v2\/posts\/108760","targetHints":{"allow":["GET"]}}],"collection":[{"href":"https:\/\/www.europesays.com\/lv\/wp-json\/wp\/v2\/posts"}],"about":[{"href":"https:\/\/www.europesays.com\/lv\/wp-json\/wp\/v2\/types\/post"}],"author":[{"embeddable":true,"href":"https:\/\/www.europesays.com\/lv\/wp-json\/wp\/v2\/users\/2"}],"replies":[{"embeddable":true,"href":"https:\/\/www.europesays.com\/lv\/wp-json\/wp\/v2\/comments?post=108760"}],"version-history":[{"count":0,"href":"https:\/\/www.europesays.com\/lv\/wp-json\/wp\/v2\/posts\/108760\/revisions"}],"wp:featuredmedia":[{"embeddable":true,"href":"https:\/\/www.europesays.com\/lv\/wp-json\/wp\/v2\/media\/108761"}],"wp:attachment":[{"href":"https:\/\/www.europesays.com\/lv\/wp-json\/wp\/v2\/media?parent=108760"}],"wp:term":[{"taxonomy":"category","embeddable":true,"href":"https:\/\/www.europesays.com\/lv\/wp-json\/wp\/v2\/categories?post=108760"},{"taxonomy":"post_tag","embeddable":true,"href":"https:\/\/www.europesays.com\/lv\/wp-json\/wp\/v2\/tags?post=108760"}],"curies":[{"name":"wp","href":"https:\/\/api.w.org\/{rel}","templated":true}]}}