{"id":108775,"date":"2026-01-19T17:03:07","date_gmt":"2026-01-19T17:03:07","guid":{"rendered":"https:\/\/www.europesays.com\/lv\/108775\/"},"modified":"2026-01-19T17:03:07","modified_gmt":"2026-01-19T17:03:07","slug":"kalenda-cetrinieku-ekipaza-pasaules-kausa-sezonu-nosledz-15-vieta-altenberga-lente-lv","status":"publish","type":"post","link":"https:\/\/www.europesays.com\/lv\/108775\/","title":{"rendered":"Kalenda \u010detrinieku ekip\u0101\u017ea Pasaules kausa sezonu nosl\u0113dz 15. viet\u0101 Altenberg\u0101\u00a0\u2014\u00a0Lente.lv"},"content":{"rendered":"<p>Pasaules kausa sezonas nosl\u0113gums Altenberg\u0101<\/p>\n<p>Latvijas bobsleja \u010detrinieku ekip\u0101\u017ea ar pilotu J\u0113kabu Kalendu sv\u0113tdien Altenbergas tras\u0113 V\u0101cij\u0101 Pasaules kausa bobslej\u0101 sezonas sept\u012btaj\u0101 un nosl\u0113dzo\u0161aj\u0101 posm\u0101 ie\u0146\u0113ma 15. vietu. \u0160is rezult\u0101ts iez\u012bm\u0113 Latvijas komandas dal\u012bbas nosl\u0113gumu \u0161\u012bs sezonas Pasaules kausa aprit\u0113, gatavojoties turpm\u0101kaj\u0101m sacens\u012bb\u0101m, tostarp 2026. gada olimpiskaj\u0101m sp\u0113l\u0113m.<\/p>\n<p>Sacens\u012bbu gaita Altenberg\u0101<\/p>\n<p>P\u0113c pirm\u0101 brauciena Kalendas ekip\u0101\u017ea, kuras sast\u0101v\u0101 bija ar\u012b st\u016bm\u0113ji Edgars Ungurs, Edgars Nemme un Mairis K\u013cava, atrad\u0101s 16. poz\u012bcij\u0101. Sacens\u012bbu dien\u0101 trases apst\u0101k\u013ci bija sare\u017e\u0123\u012bti, jo uz ledus bija izveidojusies sarma, kas kav\u0113ja kamanu sl\u012bd\u0113\u0161anu. Ar\u012b starta ieskr\u0113jiens nebija optim\u0101ls, ie\u0146emot vien 12. rezult\u0101tu starp sacens\u012bb\u0101s start\u0113ju\u0161aj\u0101m ekip\u0101\u017e\u0101m. Pirmaj\u0101 braucien\u0101 izdev\u0101s apsteigt tikai it\u0101\u013cu pilotu Patriku Baumg\u00e4rtneru, kura ekip\u0101\u017ea sask\u0101r\u0101s ar tehnisk\u0101m probl\u0113m\u0101m, un amerik\u0101ni Krisu Hornu, kura st\u016bm\u0113ji iepriek\u0161\u0113j\u0101 posm\u0101 bija guvu\u0161i savainojumus.<\/p>\n<p>Otraj\u0101 braucien\u0101 Latvijas komanda sp\u0113ja nedaudz uzlabot starta ieskr\u0113jienu un fini\u0161\u0101 ieg\u016bt lab\u0101ku laiku. Tom\u0113r, \u0146emot v\u0113r\u0101 citu ekip\u0101\u017eu k\u013c\u016bdas un kritienus, tostarp \u0161veicie\u0161a Kiliana Rona ekip\u0101\u017eai, Kalendas kvartets sp\u0113ja pak\u0101pties tikai par vienu vietu, nosl\u0113dzot posmu 15. poz\u012bcij\u0101. Visa goda pjedest\u0101la Altenbergas posm\u0101 aiz\u0146\u0113ma V\u0101cijas ekip\u0101\u017eas, uzvaru izc\u012bnot Eiropas \u010dempionam \u0100damam Amm\u016bram.<\/p>\n<p>Sezonas kopv\u0113rt\u0113jums un n\u0101kamie pl\u0101ni<\/p>\n<p>Lai gan konkr\u0113ts rezult\u0101ts Pasaules kausa kopv\u0113rt\u0113jum\u0101 \u0161aj\u0101 posm\u0101 nav detaliz\u0113ti atspogu\u013cots, iepriek\u0161\u0113jie dati liecina, ka J\u0113kaba Kalendas ekip\u0101\u017ea \u0161osezon Pasaules kausa kopv\u0113rt\u0113jum\u0101 divniekos ie\u0146\u0113ma dev\u012bto vietu. \u010cetrinieku ekip\u0101\u017eas kopv\u0113rt\u0113jum\u0101 Altenbergas posm\u0101 Latvija ierindoj\u0101s 15. viet\u0101. \u0160\u012b sezona ir bijusi svar\u012bga kvalifik\u0101cijas posms uz 2026. gada Mil\u0101nas un Kort\u012bnas d&#8217;Ampeco olimpiskaj\u0101m sp\u0113l\u0113m. N\u0101kamais noz\u012bm\u012bgais starts Latvijas bobsleja komand\u0101m b\u016bs tie\u0161i olimpisk\u0101s sp\u0113les.<\/p>\n<p>Altenbergas bobsleja trase<\/p>\n<p>Altenbergas trase V\u0101cij\u0101 ir viena no paz\u012bstam\u0101kaj\u0101m un izaicin\u0101jumiem bag\u0101t\u0101kaj\u0101m bobsleja, kamani\u0146u un skeletona tras\u0113m pasaul\u0113. T\u0101s garums ir 1413 metri, taj\u0101 ir 18 l\u012bkumi, un maksim\u0101lais sl\u012bpums sasniedz 15%. Trase ir paz\u012bstama ar savu sare\u017e\u0123\u012bto reljefu un augstaj\u0101m pras\u012bb\u0101m pret sportistu meistar\u012bbu, kas bie\u017ei vien dod priek\u0161roc\u012bbu m\u0101jas sportistiem.<\/p>\n<p>Latvijas bobsleja perspekt\u012bvas<\/p>\n<p>Latvijas bobsleja izlase \u0161o sezonu ir aizvad\u012bjusi, cen\u0161oties uzlabot rezult\u0101tus un kr\u0101t pieredzi pirms svar\u012bgiem startiem. Lai gan sezona nav bijusi izcila ar augstiem pan\u0101kumiem Pasaules kausa posmos, treneri nor\u0101da uz progresu un m\u0113r\u0137tiec\u012bgu darbu, lai sasniegtu lab\u0101kos rezult\u0101tus olimpiskaj\u0101s sp\u0113l\u0113s. Sportistu att\u012bst\u012bba un pieredzes g\u016b\u0161ana no katra starta ir b\u016btiska, lai stiprin\u0101tu Latvijas bobsleja poz\u012bcijas starptautiskaj\u0101 ar\u0113n\u0101.<\/p>\n","protected":false},"excerpt":{"rendered":"Pasaules kausa sezonas nosl\u0113gums Altenberg\u0101 Latvijas bobsleja \u010detrinieku ekip\u0101\u017ea ar pilotu J\u0113kabu Kalendu sv\u0113tdien Altenbergas tras\u0113 V\u0101cij\u0101 Pasaules&hellip;\n","protected":false},"author":2,"featured_media":108776,"comment_status":"","ping_status":"","sticky":false,"template":"","format":"standard","meta":{"footnotes":""},"categories":[17],"tags":[25836,2158,11555,35,39,38,36,37,34,40,2560,67],"class_list":{"0":"post-108775","1":"post","2":"type-post","3":"status-publish","4":"format-standard","5":"has-post-thumbnail","7":"category-sports","8":"tag-altenberga","9":"tag-bobslejs","10":"tag-jekabs-kalenda","11":"tag-latvia","12":"tag-latvian","13":"tag-latviesu","14":"tag-latviesu-valoda","15":"tag-latviesuvaloda","16":"tag-latvija","17":"tag-lv","18":"tag-pasaules-kauss","19":"tag-sports"},"share_on_mastodon":{"url":"https:\/\/pubeurope.com\/@lv\/115922849143279145","error":""},"_links":{"self":[{"href":"https:\/\/www.europesays.com\/lv\/wp-json\/wp\/v2\/posts\/108775","targetHints":{"allow":["GET"]}}],"collection":[{"href":"https:\/\/www.europesays.com\/lv\/wp-json\/wp\/v2\/posts"}],"about":[{"href":"https:\/\/www.europesays.com\/lv\/wp-json\/wp\/v2\/types\/post"}],"author":[{"embeddable":true,"href":"https:\/\/www.europesays.com\/lv\/wp-json\/wp\/v2\/users\/2"}],"replies":[{"embeddable":true,"href":"https:\/\/www.europesays.com\/lv\/wp-json\/wp\/v2\/comments?post=108775"}],"version-history":[{"count":0,"href":"https:\/\/www.europesays.com\/lv\/wp-json\/wp\/v2\/posts\/108775\/revisions"}],"wp:featuredmedia":[{"embeddable":true,"href":"https:\/\/www.europesays.com\/lv\/wp-json\/wp\/v2\/media\/108776"}],"wp:attachment":[{"href":"https:\/\/www.europesays.com\/lv\/wp-json\/wp\/v2\/media?parent=108775"}],"wp:term":[{"taxonomy":"category","embeddable":true,"href":"https:\/\/www.europesays.com\/lv\/wp-json\/wp\/v2\/categories?post=108775"},{"taxonomy":"post_tag","embeddable":true,"href":"https:\/\/www.europesays.com\/lv\/wp-json\/wp\/v2\/tags?post=108775"}],"curies":[{"name":"wp","href":"https:\/\/api.w.org\/{rel}","templated":true}]}}