{"id":108778,"date":"2026-01-19T17:07:14","date_gmt":"2026-01-19T17:07:14","guid":{"rendered":"https:\/\/www.europesays.com\/lv\/108778\/"},"modified":"2026-01-19T17:07:14","modified_gmt":"2026-01-19T17:07:14","slug":"sinoptiki-izplata-bridinajumu-par-bargu-salu-tv3-lv","status":"publish","type":"post","link":"https:\/\/www.europesays.com\/lv\/108778\/","title":{"rendered":"Sinopti\u0137i izplata br\u012bdin\u0101jumu par bargu salu &#8211; tv3.lv"},"content":{"rendered":"<ol>\n<li><a href=\"https:\/\/news.google.com\/rss\/articles\/CBMiqgFBVV95cUxOWlZQLVVyN084cDlJSkZ0TnBwbTZwOEZmSWMxdVFsaG5qcE5aM3BxcTQ2djlyQzljaGNFUFNPOFo1U2I0TldZOW1FcnY5RUdpOUxXZFl0aW5iY2lVbFpVWUMzdVNObm03N0VKS0QweXVjX000TzQtdmVaSUVDWjlGM05DUHBIaHZYZVhfbERrUDhLRWd3ZkFNR00wNjdIV3JmTzJOUUlFVENCQQ?oc=5\" target=\"_blank\" rel=\"nofollow noopener\">Sinopti\u0137i izplata br\u012bdin\u0101jumu par bargu salu<\/a>&nbsp;&nbsp;tv3.lv<\/li>\n<li><a href=\"https:\/\/news.google.com\/rss\/articles\/CBMiqwFBVV95cUxOUkZPZFplTG5sVHJMc096MHVacmNzbEMyMGV6TnluYUVKR1ZENURKX2NYc0pmSjJJSlRONVk2cGRuaHcwU0JxVFFwT1FvZ1JLcF80cnEtdnVCaXdscU9qa0Z1dFoxQl9RbzNRM1FjSWt0bWo2d0N6eG1kZGhNQjNLejR4RFhzRmhnQndGYW5uY2VzZ1hrejBaOUdjalBWQURvcTNNM2pyNU82SDQ?oc=5\" target=\"_blank\" rel=\"nofollow noopener\">Sili\u0146a: Sabiedroto ku\u0123u kl\u0101tb\u016btne R\u012bg\u0101 ir skaidrs NATO vienot\u012bbas apliecin\u0101jums<\/a>&nbsp;&nbsp;TVNET<\/li>\n<li><a href=\"https:\/\/news.google.com\/rss\/articles\/CBMiugFBVV95cUxOYk80cWtBRTlRbnNXODZmQ1lvNXJyS05qY0xvaEMyRHpiYk15OUdyWFp6N19idVYtTEFRMkc5MWp0anhHc29iclljM0ptM01CbFA0M2JTR21XRERKYVVoYmJweDJLd3Bia1hid0VyQklSNHBNOVcweDQycGZJdXFvNmhSM2xLTTBpbVcyRlZIeVZVbm11R2VVOWZxNG91UzZxZmhnbW9iQnJzdzd6d0xUOEcxM2g3dlFEV2c?oc=5\" target=\"_blank\" rel=\"nofollow noopener\">Ministru prezidente Evika Sili\u0146a apmekl\u0113 Sp\u0101nijas J\u016bras sp\u0113ku ku\u0123i R\u012bg\u0101<\/a>&nbsp;&nbsp;LV port\u0101ls<\/li>\n<li><a href=\"https:\/\/news.google.com\/rss\/articles\/CBMi9AFBVV95cUxPS3hYMVk4bEVDUmlQMEZ1TDlzWllPd2VFR2VBLWpxQmxqOWRGMXNJaVdWNUhhNHVlX1R1ei0xUldHRTN0b3JNRlIzc3NJb1hpMXFNTWlXOWZQMkxLd0ppY3c4R3dlWkdraWtQWUNabUNZTTM4ZDlaejdJS1k5NTE1S1BiaDRYbjBZb1hJczBheWVUaUNhZkU4Wl85R1dhQjVDUzgyM2gwVzZvY2t0bDN5TXE0VXdqR3RzQ1JlNG4wLTQwel9HbjVMdlFCRXQxQVR2VXNWaFJjMGhnaHhSa00taE5fRUxOQnl4ZjA5VGtPV3Zub3c2?oc=5\" target=\"_blank\" rel=\"nofollow noopener\">NATO flagmanis &#8220;Almirante Juan de Borb\u00f3n&#8221; R\u012bgas ost\u0101 apliecina aliances kl\u0101tb\u016btni un ap\u0146em\u0161anos Baltijas j\u016bras re\u0123ion\u0101<\/a>&nbsp;&nbsp;Lente.lv<\/li>\n<li><a href=\"https:\/\/news.google.com\/rss\/articles\/CBMie0FVX3lxTE0wUDBMOWxqeHMwaHN1azdqaHI1eVViMFJva085RzFiQVlvSUYzMXQ4b3M2Tm1hUW9MZU5faDBoejhhUFJZV3NUSjhQTmdLQno0R3p1RjlsaVJrVlVEbDVEbU0zNTJwU3pfdi1jTEozY2ZlYWVyYnE5Yll0VQ?oc=5\" target=\"_blank\" rel=\"nofollow noopener\">Sp\u0101nijas j\u016bras sp\u0113ku ku\u0123a apmekl\u0113jums<\/a>&nbsp;&nbsp;Ministru kabinets<\/li>\n<\/ol>\n","protected":false},"excerpt":{"rendered":"Sinopti\u0137i izplata br\u012bdin\u0101jumu par bargu salu&nbsp;&nbsp;tv3.lv Sili\u0146a: Sabiedroto ku\u0123u kl\u0101tb\u016btne R\u012bg\u0101 ir skaidrs NATO vienot\u012bbas apliecin\u0101jums&nbsp;&nbsp;TVNET Ministru prezidente&hellip;\n","protected":false},"author":2,"featured_media":108779,"comment_status":"","ping_status":"","sticky":false,"template":"","format":"standard","meta":{"footnotes":""},"categories":[5],"tags":[23,28,29,25837,32,33,22,30,31,35,39,38,36,37,34,40,20,26,27,24,25,21],"class_list":{"0":"post-108778","1":"post","2":"type-post","3":"status-publish","4":"format-standard","5":"has-post-thumbnail","7":"category-aktualitates","8":"tag-aktualitates","9":"tag-breaking-news","10":"tag-breakingnews","11":"tag-dzeltenais-bridinajumslatvijas-vides-geologijas-un-meteorologijas-centrslvgmclvgmc-bridinajumi","12":"tag-featured-news","13":"tag-featurednews","14":"tag-headlines","15":"tag-latest-news","16":"tag-latestnews","17":"tag-latvia","18":"tag-latvian","19":"tag-latviesu","20":"tag-latviesu-valoda","21":"tag-latviesuvaloda","22":"tag-latvija","23":"tag-lv","24":"tag-news","25":"tag-popularakas-zinas","26":"tag-popularakaszinas","27":"tag-top-stories","28":"tag-topstories","29":"tag-zinas"},"share_on_mastodon":{"url":"https:\/\/pubeurope.com\/@lv\/115922864863977876","error":""},"_links":{"self":[{"href":"https:\/\/www.europesays.com\/lv\/wp-json\/wp\/v2\/posts\/108778","targetHints":{"allow":["GET"]}}],"collection":[{"href":"https:\/\/www.europesays.com\/lv\/wp-json\/wp\/v2\/posts"}],"about":[{"href":"https:\/\/www.europesays.com\/lv\/wp-json\/wp\/v2\/types\/post"}],"author":[{"embeddable":true,"href":"https:\/\/www.europesays.com\/lv\/wp-json\/wp\/v2\/users\/2"}],"replies":[{"embeddable":true,"href":"https:\/\/www.europesays.com\/lv\/wp-json\/wp\/v2\/comments?post=108778"}],"version-history":[{"count":0,"href":"https:\/\/www.europesays.com\/lv\/wp-json\/wp\/v2\/posts\/108778\/revisions"}],"wp:featuredmedia":[{"embeddable":true,"href":"https:\/\/www.europesays.com\/lv\/wp-json\/wp\/v2\/media\/108779"}],"wp:attachment":[{"href":"https:\/\/www.europesays.com\/lv\/wp-json\/wp\/v2\/media?parent=108778"}],"wp:term":[{"taxonomy":"category","embeddable":true,"href":"https:\/\/www.europesays.com\/lv\/wp-json\/wp\/v2\/categories?post=108778"},{"taxonomy":"post_tag","embeddable":true,"href":"https:\/\/www.europesays.com\/lv\/wp-json\/wp\/v2\/tags?post=108778"}],"curies":[{"name":"wp","href":"https:\/\/api.w.org\/{rel}","templated":true}]}}