{"id":108808,"date":"2026-01-19T17:55:14","date_gmt":"2026-01-19T17:55:14","guid":{"rendered":"https:\/\/www.europesays.com\/lv\/108808\/"},"modified":"2026-01-19T17:55:14","modified_gmt":"2026-01-19T17:55:14","slug":"sabiedroto-kugu-klatbutne-riga-ir-skaidrs-nato-vienotibas-apliecinajums","status":"publish","type":"post","link":"https:\/\/www.europesays.com\/lv\/108808\/","title":{"rendered":"Sabiedroto ku\u0123u kl\u0101tb\u016btne R\u012bg\u0101 ir skaidrs NATO vienot\u012bbas apliecin\u0101jums"},"content":{"rendered":"<p>Vi\u0146a uzsver, ka Sp\u0101nijas ieguld\u012bjums <a href=\"https:\/\/www.tvnet.lv\/term\/9898\/nato\" class=\"topicLink\" target=\"_blank\" rel=\"nofollow noopener\">NATO<\/a> un Baltijas j\u016bras re\u0123iona dro\u0161\u012bb\u0101 ir noz\u012bm\u012bgs.<\/p>\n<p>Premjere ar\u012b pauda, ka Latvija turpina stiprin\u0101t savas j\u016bras sp\u0113jas un milit\u0101ro sadarb\u012bbu ar sabiedrotajiem.<\/p>\n<p>Apmekl\u0113juma laik\u0101 ar klusuma br\u012bdi tika piemin\u0113ti boj\u0101g\u0101ju\u0161ie tra\u0123iskaj\u0101 vilcienu sadursm\u0113 Sp\u0101nij\u0101, net\u0101lu no Kordovas. Sili\u0146a Latvijas tautas un vald\u012bbas v\u0101rd\u0101 izteica l\u012bdzj\u016bt\u012bbu upuriem un vi\u0146u tuviniekiem.<\/p>\n<p>Nacion\u0101lajos bru\u0146otajos sp\u0113kos a\u0123ent\u016brai LETA iepriek\u0161 pav\u0113st\u012bja, ka NATO pirm\u0101s past\u0101v\u012bg\u0101s j\u016bras sp\u0113ku grupas flagmanis ieradies ostas viz\u012bt\u0113 R\u012bg\u0101, apliecinot NATO ap\u0146em\u0161anos nodro\u0161in\u0101t kolekt\u012bvo aizsardz\u012bbu, demonstr\u0113jot alianses solidarit\u0101ti un kl\u0101tb\u016btni Baltijas j\u016bras re\u0123ion\u0101.<\/p>\n<p>\u0160\u012b ir pirm\u0101 SNMG1 ostas viz\u012bte kop\u0161 Sp\u0101nijas J\u016bras sp\u0113ki p\u0101r\u0146\u0113mu\u0161i t\u0101s komandvad\u012bbu. SNMG1 komandieris Sp\u0101nijas J\u016bras sp\u0113ku kontradmir\u0101lis Ho\u0101kins Ruizs Eskagedo ir p\u0101rliecin\u0101ts, ka \u0161\u012b viz\u012bte stiprina attiec\u012bbas starp NATO j\u016bras sp\u0113kiem un Latvijas valsts vad\u012bbu, k\u0101 ar\u012b Latvijas nep\u0101rtraukto atbalstu sabiedroto oper\u0101cij\u0101m.<\/p>\n<p>&#8220;\u0160\u0101das ostu viz\u012btes ir noz\u012bm\u012bga iesp\u0113ja stiprin\u0101t m\u016bsu saites ar sabiedrotajiem un apliecin\u0101t NATO past\u0101v\u012bgo ap\u0146em\u0161anos nodro\u0161in\u0101t ku\u0123o\u0161anas dro\u0161\u012bbu un kolekt\u012bvo aizsardz\u012bbu Baltijas re\u0123ion\u0101,&#8221; uzsver SNMG1 komandieris.<\/p>\n<p>SNMG1 ir viena no \u010detr\u0101m past\u0101v\u012bgaj\u0101m NATO j\u016bras sp\u0113ku grup\u0101m, kas nodro\u0161ina nep\u0101rtrauktu ku\u0123u kl\u0101tb\u016btni j\u016br\u0101, lai nepiecie\u0161am\u012bbas gad\u012bjum\u0101 sp\u0113tu nekav\u0113joties rea\u0123\u0113t gan miera laik\u0101, gan kr\u012bzes un konfliktu laik\u0101. \u0160\u0101da NATO sp\u0113ku izvieto\u0161ana veicina sabiedroto dro\u0161\u012bbu, uzlabo savietojam\u012bbu un demonstr\u0113 NATO sp\u0113ju darboties vis\u0101 Zieme\u013catlantij\u0101, Baltijas j\u016br\u0101 un Arktikas pieej\u0101s.<\/p>\n","protected":false},"excerpt":{"rendered":"Vi\u0146a uzsver, ka Sp\u0101nijas ieguld\u012bjums NATO un Baltijas j\u016bras re\u0123iona dro\u0161\u012bb\u0101 ir noz\u012bm\u012bgs. Premjere ar\u012b pauda, ka Latvija&hellip;\n","protected":false},"author":2,"featured_media":108809,"comment_status":"","ping_status":"","sticky":false,"template":"","format":"standard","meta":{"footnotes":""},"categories":[5],"tags":[23,28,29,1249,32,33,22,30,31,35,39,38,36,37,34,40,71,20,26,27,24,25,21],"class_list":{"0":"post-108808","1":"post","2":"type-post","3":"status-publish","4":"format-standard","5":"has-post-thumbnail","7":"category-aktualitates","8":"tag-aktualitates","9":"tag-breaking-news","10":"tag-breakingnews","11":"tag-evika-silina","12":"tag-featured-news","13":"tag-featurednews","14":"tag-headlines","15":"tag-latest-news","16":"tag-latestnews","17":"tag-latvia","18":"tag-latvian","19":"tag-latviesu","20":"tag-latviesu-valoda","21":"tag-latviesuvaloda","22":"tag-latvija","23":"tag-lv","24":"tag-nato","25":"tag-news","26":"tag-popularakas-zinas","27":"tag-popularakaszinas","28":"tag-top-stories","29":"tag-topstories","30":"tag-zinas"},"share_on_mastodon":{"url":"https:\/\/pubeurope.com\/@lv\/115923053587162126","error":""},"_links":{"self":[{"href":"https:\/\/www.europesays.com\/lv\/wp-json\/wp\/v2\/posts\/108808","targetHints":{"allow":["GET"]}}],"collection":[{"href":"https:\/\/www.europesays.com\/lv\/wp-json\/wp\/v2\/posts"}],"about":[{"href":"https:\/\/www.europesays.com\/lv\/wp-json\/wp\/v2\/types\/post"}],"author":[{"embeddable":true,"href":"https:\/\/www.europesays.com\/lv\/wp-json\/wp\/v2\/users\/2"}],"replies":[{"embeddable":true,"href":"https:\/\/www.europesays.com\/lv\/wp-json\/wp\/v2\/comments?post=108808"}],"version-history":[{"count":0,"href":"https:\/\/www.europesays.com\/lv\/wp-json\/wp\/v2\/posts\/108808\/revisions"}],"wp:featuredmedia":[{"embeddable":true,"href":"https:\/\/www.europesays.com\/lv\/wp-json\/wp\/v2\/media\/108809"}],"wp:attachment":[{"href":"https:\/\/www.europesays.com\/lv\/wp-json\/wp\/v2\/media?parent=108808"}],"wp:term":[{"taxonomy":"category","embeddable":true,"href":"https:\/\/www.europesays.com\/lv\/wp-json\/wp\/v2\/categories?post=108808"},{"taxonomy":"post_tag","embeddable":true,"href":"https:\/\/www.europesays.com\/lv\/wp-json\/wp\/v2\/tags?post=108808"}],"curies":[{"name":"wp","href":"https:\/\/api.w.org\/{rel}","templated":true}]}}