{"id":108820,"date":"2026-01-19T18:09:10","date_gmt":"2026-01-19T18:09:10","guid":{"rendered":"https:\/\/www.europesays.com\/lv\/108820\/"},"modified":"2026-01-19T18:09:10","modified_gmt":"2026-01-19T18:09:10","slug":"haas-komanda-prezente-jauno-vizualo-telu-un-sadarbibu-ar-toyota-f1lv-blogs","status":"publish","type":"post","link":"https:\/\/www.europesays.com\/lv\/108820\/","title":{"rendered":"&#8216;Haas&#8217; komanda prezent\u0113 jauno vizu\u0101lo t\u0113lu un sadarb\u012bbu ar &#8216;Toyota&#8217; : F1LV Blogs"},"content":{"rendered":"<p>\u201cHaas\u201d k\u013cuvusi par tre\u0161o F1 komandu, kas publiski par\u0101d\u012bjusi kr\u0101sojumu, ko izmantos 2026. gada sezon\u0101. Amerik\u0101\u0146u vien\u012bba cer, ka jaunais modelis \u201cVF-26\u201d \u013caus tai pak\u0101pties augst\u0101k peleton\u0101 p\u0113c v\u0113rien\u012bgaj\u0101m tehnisko noteikumu izmai\u0146\u0101m.<\/p>\n<p>Jaunais vizu\u0101lais t\u0113ls atspogu\u013co komandas papla\u0161in\u0101to sadarb\u012bbu ar \u201cToyota Gazoo Racing\u201d, kas uz gaid\u0101mo gadu k\u013cuvusi par vien\u012bbas titulsponsoru. \u201cHaas\u201d savu jauno \u201ciet\u0113rpu\u201d raksturo k\u0101 \u201cjauna izskata baltu kr\u0101sojumu ar sarkaniem akcentiem\u201d. S\u0101kotn\u0113ji prezent\u0101cija bija pl\u0101nota v\u0113l\u0101k \u0161oned\u0113\u013c, ta\u010du datums tika p\u0101rcelts, lai izvair\u012btos no p\u0101rkl\u0101\u0161an\u0101s ar konkurentu pas\u0101kumiem.<\/p>\n<p>T\u0101pat k\u0101 2025. gad\u0101, komandas pilotu sast\u0101vu veidos Estebans Okons un Olivers B\u0113rmans, bet komandas vad\u012bt\u0101ja pien\u0101kumus turpin\u0101s pild\u012bt Ajao Komacu.<\/p>\n<p>Komandas \u012bpa\u0161nieks D\u017e\u012bns H\u0101ss nesl\u0113pj interesi par to, k\u0101 jaun\u0101 formula izskat\u012bsies uz konkurentu fona. \u201cT\u0101pat k\u0101 visas komandas, ar\u012b m\u0113s sask\u0101r\u0101mies ar izaicin\u0101jumu start\u0113t 2025. gad\u0101, paral\u0113li projekt\u0113jot un tagad jau b\u016bv\u0113jot \u0161os jaunajiem noteikumiem atbilsto\u0161os sp\u0113kratus. Pirmssezonas testi b\u016bs iz\u0161\u0137iro\u0161i, lai saprastu, uz ko \u0161\u012bs ma\u0161\u012bnas ir sp\u0113j\u012bgas un k\u0101 t\u0101m piel\u0101gosies piloti un in\u017eenieri,\u201d nor\u0101d\u012bja H\u0101ss.<\/p>\n<p>Vi\u0146\u0161 ar\u012b uzsv\u0113ra, ka komandas stipr\u0101 puse ir stabilit\u0101te: \u201cMums ir p\u0113ctec\u012bba gan pilotu sast\u0101v\u0101, gan projekt\u0113\u0161anas un in\u017eenieru noda\u013c\u0101s. Pag\u0101ju\u0161aj\u0101 sezon\u0101 konkurence peletona vidusda\u013c\u0101 bija augst\u0101 l\u012bmen\u012b, t\u0101p\u0113c mums ir j\u0101turpina att\u012bst\u012bties gan tras\u0113, gan \u0101rpus t\u0101s.\u201d<\/p>\n<p>Pag\u0101ju\u0161o gadu \u201cHaas\u201d nosl\u0113dza Konstruktoru kausa astotaj\u0101 poz\u012bcij\u0101, sezonas laik\u0101 izc\u012bnot 79 punktus. Jaun\u0101s ma\u0161\u012bnas pirmie testi un re\u0101l\u0101 p\u0101rbaude tras\u0113 paredz\u0113ta jau n\u0101kamned\u0113\u013c Barselon\u0101, kur norisin\u0101sies piecu dienu testi \u201caiz sl\u0113gt\u0101m durv\u012bm\u201d.<\/p>\n<p><a href=\"https:\/\/www.patreon.com\/collection\/823319\" rel=\"nofollow noopener\" target=\"_blank\"><img loading=\"lazy\" decoding=\"async\" class=\"aligncenter size-full wp-image-74708\" src=\"https:\/\/www.europesays.com\/lv\/wp-content\/uploads\/2025\/12\/Banner300x250px.jpg\" alt=\"\" width=\"300\" height=\"250\"\/><\/a><\/p>\n","protected":false},"excerpt":{"rendered":"\u201cHaas\u201d k\u013cuvusi par tre\u0161o F1 komandu, kas publiski par\u0101d\u012bjusi kr\u0101sojumu, ko izmantos 2026. gada sezon\u0101. Amerik\u0101\u0146u vien\u012bba cer,&hellip;\n","protected":false},"author":2,"featured_media":108821,"comment_status":"","ping_status":"","sticky":false,"template":"","format":"standard","meta":{"footnotes":""},"categories":[17],"tags":[1822,25838,4187,35,39,38,36,37,34,40,25839,67],"class_list":{"0":"post-108820","1":"post","2":"type-post","3":"status-publish","4":"format-standard","5":"has-post-thumbnail","7":"category-sports","8":"tag-toyota","9":"tag-estebans-okons","10":"tag-haas","11":"tag-latvia","12":"tag-latvian","13":"tag-latviesu","14":"tag-latviesu-valoda","15":"tag-latviesuvaloda","16":"tag-latvija","17":"tag-lv","18":"tag-olivers-bermans","19":"tag-sports"},"share_on_mastodon":{"url":"https:\/\/pubeurope.com\/@lv\/115923108672335012","error":""},"_links":{"self":[{"href":"https:\/\/www.europesays.com\/lv\/wp-json\/wp\/v2\/posts\/108820","targetHints":{"allow":["GET"]}}],"collection":[{"href":"https:\/\/www.europesays.com\/lv\/wp-json\/wp\/v2\/posts"}],"about":[{"href":"https:\/\/www.europesays.com\/lv\/wp-json\/wp\/v2\/types\/post"}],"author":[{"embeddable":true,"href":"https:\/\/www.europesays.com\/lv\/wp-json\/wp\/v2\/users\/2"}],"replies":[{"embeddable":true,"href":"https:\/\/www.europesays.com\/lv\/wp-json\/wp\/v2\/comments?post=108820"}],"version-history":[{"count":0,"href":"https:\/\/www.europesays.com\/lv\/wp-json\/wp\/v2\/posts\/108820\/revisions"}],"wp:featuredmedia":[{"embeddable":true,"href":"https:\/\/www.europesays.com\/lv\/wp-json\/wp\/v2\/media\/108821"}],"wp:attachment":[{"href":"https:\/\/www.europesays.com\/lv\/wp-json\/wp\/v2\/media?parent=108820"}],"wp:term":[{"taxonomy":"category","embeddable":true,"href":"https:\/\/www.europesays.com\/lv\/wp-json\/wp\/v2\/categories?post=108820"},{"taxonomy":"post_tag","embeddable":true,"href":"https:\/\/www.europesays.com\/lv\/wp-json\/wp\/v2\/tags?post=108820"}],"curies":[{"name":"wp","href":"https:\/\/api.w.org\/{rel}","templated":true}]}}