{"id":108841,"date":"2026-01-19T18:35:09","date_gmt":"2026-01-19T18:35:09","guid":{"rendered":"https:\/\/www.europesays.com\/lv\/108841\/"},"modified":"2026-01-19T18:35:09","modified_gmt":"2026-01-19T18:35:09","slug":"tramps-uzaicinajis-putinu-piedalities-gazas-miera-padome-1188-lv","status":"publish","type":"post","link":"https:\/\/www.europesays.com\/lv\/108841\/","title":{"rendered":"Tramps uzaicin\u0101jis Putinu piedal\u012bties Gazas Miera padom\u0113 &#8211; 1188.lv"},"content":{"rendered":"<ol>\n<li><a href=\"https:\/\/news.google.com\/rss\/articles\/CBMikgFBVV95cUxNX0xlbjJIc21OMHFCZy11QmRTc0JJQnd2aGVsSXk0clNLVnhtLTJBNkM2aFRrb1FxMGhrenRIR21NY0hSRUdwTkNOLThjY0M1Zm9CdEZodDFaeGtBVVpkT2VWMWNRT0VVYU0ySTl2U1pGUWk4anpxa0JSbkJCVG4ybFd4a0YxcE5iSDUtV3JESXZZZw?oc=5\" target=\"_blank\" rel=\"nofollow noopener\">Tramps uzaicin\u0101jis Putinu piedal\u012bties Gazas Miera padom\u0113<\/a>&nbsp;&nbsp;1188.lv<\/li>\n<li><a href=\"https:\/\/news.google.com\/rss\/articles\/CBMilgFBVV95cUxOQnBzUHpoN052YTZpM0hBaTkwYkhZYTJDREpBbWNfTFozOUdmNFpsLW9DcGUya0ZyaXJRb2FacHJpTFlUbWtQMi1YWnJKc1NNWHNDdFkxb29ReVlMNDRyY3NvMnN1TFpnSC10NERIMHJoeVA3ZzR6QUZlY1lqSUY1bWhEUU9mbmdtRGtsY0wxMXFxV3RuVmc?oc=5\" target=\"_blank\" rel=\"nofollow noopener\">Peskovs: Tramps izteicis Putinam &#8220;vilino\u0161u&#8221; pied\u0101v\u0101jumu<\/a>&nbsp;&nbsp;Jauns.lv<\/li>\n<li><a href=\"https:\/\/news.google.com\/rss\/articles\/CBMi2gFBVV95cUxOZm1RNEIzbm94czkxdXlWRjI3TjlQS256QkR0X0pQTFktQS1zb1p0VE15MzRPY1RHTmlXWG9tWHhrdUZJQXRMX0RmWDh4VmtDaDdURXZBLUVseHVveUlucm9LMWhibXMwaGc2azNXa0UzSW0tUXhDcDdka3NQVnd6N2ZhMjdFWWJvR0FJVmtwcjRDUkdlMFBnYl9MMDk3R3k3dDZqTUtMU2tYYWxFenNJU2V2MHJGa3E1SEw1OVZYVk90aE02RTNVXzVDTXBLVy1BN0FabUt2NWFrdw?oc=5\" target=\"_blank\" rel=\"nofollow noopener\">Kremlis: Putins sa\u0146\u0113mis no ASV uzaicin\u0101jumu pievienoties Gazas joslas \u00abMiera padomei\u00bb \/ Raksts<\/a>&nbsp;&nbsp;LSM<\/li>\n<li><a href=\"https:\/\/news.google.com\/rss\/articles\/CBMiwAFBVV95cUxOVklSZmJjbTJjZG94UDZkc0xBTkdFdkpYbWZodER1dE85TzNHQXB0R0t0bUJMLW5KMkhHTGxRaDB4emZJa2RsdUROOGpKQjdxMG1JTDZ6ellEdWFiYWw1ZHhkbjZpNzJOME1kTEdjVWJKV3pnZXd4VGxNbWxFNUI4UGNHcEkyeFZzN0Z3ZnZjaVhiSVRwN2JHblhyZ0hOQVc2WjFISE1MOXkxYjFSSHFLNmxHcGc2SDd0Y0JjOGs4aFU?oc=5\" target=\"_blank\" rel=\"nofollow noopener\">Peskovs liel\u012bgs \u2013 Putins aicin\u0101ts pievienoties Trampa Gazas Miera padomei un \u201cnest\u0101v\u0113\u0161ot priek\u0161\u0101\u201d Grenlandei<\/a>&nbsp;&nbsp;LA.LV<\/li>\n<li><a href=\"https:\/\/news.google.com\/rss\/articles\/CBMipAFBVV95cUxPWTU3THR5UHhRX1pvNGEyS0NXM0MzTTNsM1JINVpZQXEweTBrTjVZcEJEMkdVazAtZkgyVjNmR0VPanF4Um9HOUQyRmd2Sm1LdWFjaF9PZWNiOGJvSnM5OExMalJHbnRINk5ScWdLSUdiSzBKUDRhVkJxSURSMzM5VmR1aHFKWTFSNktVZ2E2QTA4SmJfS2ZXenE3UUtfT3NmRlJTOA?oc=5\" target=\"_blank\" rel=\"nofollow noopener\">Putins uzaicin\u0101ts pievienoties Gazas joslas &#8220;miera padomei&#8221;, pazi\u0146o Kremlis<\/a>&nbsp;&nbsp;Apollo.lv<\/li>\n<\/ol>\n","protected":false},"excerpt":{"rendered":"Tramps uzaicin\u0101jis Putinu piedal\u012bties Gazas Miera padom\u0113&nbsp;&nbsp;1188.lv Peskovs: Tramps izteicis Putinam &#8220;vilino\u0161u&#8221; pied\u0101v\u0101jumu&nbsp;&nbsp;Jauns.lv Kremlis: Putins sa\u0146\u0113mis no ASV&hellip;\n","protected":false},"author":2,"featured_media":108842,"comment_status":"","ping_status":"","sticky":false,"template":"","format":"standard","meta":{"footnotes":""},"categories":[14],"tags":[129,318,23,57,28,29,32,33,22,30,31,35,39,38,36,37,34,40,20,26,27,319,320,24,25,54,55,56,21,58],"class_list":{"0":"post-108841","1":"post","2":"type-post","3":"status-publish","4":"format-standard","5":"has-post-thumbnail","7":"category-zinas-no-arvalstim","8":"tag-__typenameadvicekeyword","9":"tag-id1144","10":"tag-aktualitates","11":"tag-arvalstim","12":"tag-breaking-news","13":"tag-breakingnews","14":"tag-featured-news","15":"tag-featurednews","16":"tag-headlines","17":"tag-latest-news","18":"tag-latestnews","19":"tag-latvia","20":"tag-latvian","21":"tag-latviesu","22":"tag-latviesu-valoda","23":"tag-latviesuvaloda","24":"tag-latvija","25":"tag-lv","26":"tag-news","27":"tag-popularakas-zinas","28":"tag-popularakaszinas","29":"tag-slugizraela","30":"tag-titleizraela","31":"tag-top-stories","32":"tag-topstories","33":"tag-world","34":"tag-world-news","35":"tag-worldnews","36":"tag-zinas","37":"tag-zinas-no-arvalstim"},"share_on_mastodon":{"url":"https:\/\/pubeurope.com\/@lv\/115923210973353854","error":""},"_links":{"self":[{"href":"https:\/\/www.europesays.com\/lv\/wp-json\/wp\/v2\/posts\/108841","targetHints":{"allow":["GET"]}}],"collection":[{"href":"https:\/\/www.europesays.com\/lv\/wp-json\/wp\/v2\/posts"}],"about":[{"href":"https:\/\/www.europesays.com\/lv\/wp-json\/wp\/v2\/types\/post"}],"author":[{"embeddable":true,"href":"https:\/\/www.europesays.com\/lv\/wp-json\/wp\/v2\/users\/2"}],"replies":[{"embeddable":true,"href":"https:\/\/www.europesays.com\/lv\/wp-json\/wp\/v2\/comments?post=108841"}],"version-history":[{"count":0,"href":"https:\/\/www.europesays.com\/lv\/wp-json\/wp\/v2\/posts\/108841\/revisions"}],"wp:featuredmedia":[{"embeddable":true,"href":"https:\/\/www.europesays.com\/lv\/wp-json\/wp\/v2\/media\/108842"}],"wp:attachment":[{"href":"https:\/\/www.europesays.com\/lv\/wp-json\/wp\/v2\/media?parent=108841"}],"wp:term":[{"taxonomy":"category","embeddable":true,"href":"https:\/\/www.europesays.com\/lv\/wp-json\/wp\/v2\/categories?post=108841"},{"taxonomy":"post_tag","embeddable":true,"href":"https:\/\/www.europesays.com\/lv\/wp-json\/wp\/v2\/tags?post=108841"}],"curies":[{"name":"wp","href":"https:\/\/api.w.org\/{rel}","templated":true}]}}