{"id":108844,"date":"2026-01-19T18:37:12","date_gmt":"2026-01-19T18:37:12","guid":{"rendered":"https:\/\/www.europesays.com\/lv\/108844\/"},"modified":"2026-01-19T18:37:12","modified_gmt":"2026-01-19T18:37:12","slug":"semenistaja-zaude-australian-open-debija-tacu-nopelna-karjeras-otro-lielako-premiju","status":"publish","type":"post","link":"https:\/\/www.europesays.com\/lv\/108844\/","title":{"rendered":"Seme\u0146istaja zaud\u0113 &#8220;Australian Open&#8221; debij\u0101, ta\u010du nopelna karjeras otro liel\u0101ko pr\u0113miju"},"content":{"rendered":"<p>Seme\u0146istaja, kura WTA rang\u0101 ie\u0146em 98. vietu, ar 3-6, 0-6 zaud\u0113ja ranga 13. poz\u012bcijas \u012bpa\u0161niecei \u010dehietei Lindai Noskovai.<\/p>\n<p>Par dal\u012bbu pirmaj\u0101 k\u0101rt\u0101 Seme\u0146istaja sa\u0146ems desmit WTA ranga punktus un 150 000 Austr\u0101lijas dol\u0101ru jeb aptuveni 86 000 eiro. 2025. gad\u0101 Latvijas tenisiste debit\u0113ja ASV atkl\u0101taj\u0101 \u010dempion\u0101t\u0101, par ko sa\u0146\u0113ma 110 000 ASV dol\u0101ru \u2013 p\u0113c \u0161\u012b br\u012b\u017ea kursa 94 000 eiro.<\/p>\n<p>Abas iepriek\u0161 tiku\u0161\u0101s divas reizes, abos ma\u010dos uzvaru svinot \u010dehietei. P\u0113d\u0113jo reizi savstarp\u0113jais ma\u010ds tika aizvad\u012bts 2023. gad\u0101, kad Makaraskas &#8220;WTA 125&#8221; turn\u012br\u0101 Noskova bija p\u0101r\u0101ka ar 6-2, 7-5.<\/p>\n<p>Seme\u0146istaja Austr\u0101lijas atkl\u0101taj\u0101 \u010dempion\u0101t\u0101 start\u0113ja tre\u0161o gadu p\u0113c k\u0101rtas un pirmo reizi sp\u0113l\u0113ja pamatturn\u012br\u0101. P\u0113rn vi\u0146ai neizdev\u0101s p\u0101rvar\u0113t kvalifik\u0101cijas pirmo k\u0101rtu, bet pirms diviem gadiem vi\u0146a apst\u0101j\u0101s atlases otraj\u0101 k\u0101rt\u0101.<\/p>\n<p>Latvijas pirm\u0101 rakete A\u013cona Ostapenko sezonas pirmo &#8220;Grand Slam&#8221; turn\u012bru s\u0101ks ar ma\u010du pret slov\u0101kieti Rebeku \u0160ramkovu.<\/p>\n<p>P\u0113rn par Austr\u0101lijas atkl\u0101t\u0101 tenisa \u010dempion\u0101ta uzvar\u0113t\u0101ju sievie\u0161u viensp\u0113l\u0113s k\u013cuva amerik\u0101niete Medisona K\u012bza.<\/p>\n","protected":false},"excerpt":{"rendered":"Seme\u0146istaja, kura WTA rang\u0101 ie\u0146em 98. vietu, ar 3-6, 0-6 zaud\u0113ja ranga 13. poz\u012bcijas \u012bpa\u0161niecei \u010dehietei Lindai Noskovai.&hellip;\n","protected":false},"author":2,"featured_media":108845,"comment_status":"","ping_status":"","sticky":false,"template":"","format":"standard","meta":{"footnotes":""},"categories":[5],"tags":[23,28,29,681,32,33,22,30,31,35,39,38,36,37,34,40,20,26,27,941,683,24,25,21],"class_list":{"0":"post-108844","1":"post","2":"type-post","3":"status-publish","4":"format-standard","5":"has-post-thumbnail","7":"category-aktualitates","8":"tag-aktualitates","9":"tag-breaking-news","10":"tag-breakingnews","11":"tag-darja-semenistaja","12":"tag-featured-news","13":"tag-featurednews","14":"tag-headlines","15":"tag-latest-news","16":"tag-latestnews","17":"tag-latvia","18":"tag-latvian","19":"tag-latviesu","20":"tag-latviesu-valoda","21":"tag-latviesuvaloda","22":"tag-latvija","23":"tag-lv","24":"tag-news","25":"tag-popularakas-zinas","26":"tag-popularakaszinas","27":"tag-sieviesu-teniss","28":"tag-teniss","29":"tag-top-stories","30":"tag-topstories","31":"tag-zinas"},"share_on_mastodon":{"url":"https:\/\/pubeurope.com\/@lv\/115923218756230923","error":""},"_links":{"self":[{"href":"https:\/\/www.europesays.com\/lv\/wp-json\/wp\/v2\/posts\/108844","targetHints":{"allow":["GET"]}}],"collection":[{"href":"https:\/\/www.europesays.com\/lv\/wp-json\/wp\/v2\/posts"}],"about":[{"href":"https:\/\/www.europesays.com\/lv\/wp-json\/wp\/v2\/types\/post"}],"author":[{"embeddable":true,"href":"https:\/\/www.europesays.com\/lv\/wp-json\/wp\/v2\/users\/2"}],"replies":[{"embeddable":true,"href":"https:\/\/www.europesays.com\/lv\/wp-json\/wp\/v2\/comments?post=108844"}],"version-history":[{"count":0,"href":"https:\/\/www.europesays.com\/lv\/wp-json\/wp\/v2\/posts\/108844\/revisions"}],"wp:featuredmedia":[{"embeddable":true,"href":"https:\/\/www.europesays.com\/lv\/wp-json\/wp\/v2\/media\/108845"}],"wp:attachment":[{"href":"https:\/\/www.europesays.com\/lv\/wp-json\/wp\/v2\/media?parent=108844"}],"wp:term":[{"taxonomy":"category","embeddable":true,"href":"https:\/\/www.europesays.com\/lv\/wp-json\/wp\/v2\/categories?post=108844"},{"taxonomy":"post_tag","embeddable":true,"href":"https:\/\/www.europesays.com\/lv\/wp-json\/wp\/v2\/tags?post=108844"}],"curies":[{"name":"wp","href":"https:\/\/api.w.org\/{rel}","templated":true}]}}