{"id":108875,"date":"2026-01-19T19:09:09","date_gmt":"2026-01-19T19:09:09","guid":{"rendered":"https:\/\/www.europesays.com\/lv\/108875\/"},"modified":"2026-01-19T19:09:09","modified_gmt":"2026-01-19T19:09:09","slug":"bricis-pec-diskvalifikacijas-uzreiz-atgriezies-latvijas-biatlona-izlases-kolektiva-ziemas-sports-sportacentrs-com","status":"publish","type":"post","link":"https:\/\/www.europesays.com\/lv\/108875\/","title":{"rendered":"Bricis p\u0113c diskvalifik\u0101cijas uzreiz atgriezies Latvijas biatlona izlases kolekt\u012bv\u0101 \u2013 Ziemas sports \u2013 Sportacentrs.com"},"content":{"rendered":"<p>&#8220;Ilm\u0101rs Bricis b\u016bs Pasaules kausa posm\u0101 \u010cehij\u0101,&#8221; m\u016bsu port\u0101lam nor\u0101d\u012bja LBF prezidents Kaspars Sakni\u0146\u0161. &#8220;Esam vi\u0146u akredit\u0113ju\u0161i, vi\u0146\u0161 atkal ir ofici\u0101l\u0101 status\u0101.&#8221;<\/p>\n<p>Bricis iepriek\u0161 bija Latvijas sievie\u0161u izlases galvenais treneris, ta\u010du atk\u0101p\u0101s no \u0161\u012bs poz\u012bcijas pag\u0101ju\u0161\u0101 gada febru\u0101r\u012b p\u0113c tam, kad Latvijas biatlona izlases l\u012bderis Andrejs Rastorgujevs medijiem atkl\u0101ja, ka Bricis str\u012bda laik\u0101 vi\u0146am fiziski uzbrucis, kas novedis pie savainojumiem. Tas notika \u0160veic\u0113, pasaules \u010dempion\u0101ta laik\u0101.<\/p>\n<p>P\u0113c tam Bricis tika sod\u012bts <a href=\"https:\/\/sportacentrs.com\/ziemas_sports\/biatlons\/20072025-bricis_sanem_sesu_menesu_diskvalifikaciju\" rel=\"nofollow noopener\" target=\"_blank\">starptautisk\u0101 l\u012bmen\u012b<\/a>, sa\u0146emot Biatlona integrit\u0101tes noda\u013cas (BIU) diskvalifik\u0101ciju uz se\u0161iem m\u0113ne\u0161iem. BIU zi\u0146ojum\u0101 bija nor\u0101d\u012bts, ka Bricis uz\u0146\u0113mies atbild\u012bbu par savu r\u012bc\u012bbu un sadarbojies ar lietas izmekl\u0113\u0161anu, kas tika \u0146emts v\u0113r\u0101, piesprie\u017eot soda apm\u0113ru.<\/p>\n<p>Bricis port\u0101lam Sportacentrs.com apstiprin\u0101ja, ka \u0161aj\u0101 liet\u0101 nek\u0101di jauni pav\u0113rsieni nav notiku\u0161i un vi\u0146a diskvalifik\u0101cija ofici\u0101li beigusies 18. janv\u0101r\u012b, proti, vakardien. &#8220;\u0160odien jau esmu ce\u013c\u0101 uz \u010cehiju,&#8221; sac\u012bja Bricis. &#8220;Prec\u012bz\u0101ki jaut\u0101jumi par manu statusu un diskusij\u0101m ar LBF par manu vietu izlas\u0113 dro\u0161i vien adres\u0113jami LBF vad\u012bbai.&#8221;<\/p>\n<p>Gan Bricis, gan Sakni\u0146\u0161 pagaid\u0101m pla\u0161\u0101k neizteic\u0101s par jaut\u0101jumu, vai pl\u0101nots, ka Bricis b\u016bs ar\u012b Mil\u0101nas un Kort\u012bnas d`Ampeco olimpisko sp\u0113\u013cu deleg\u0101cij\u0101. \u0160odien paredz\u0113ta LOK izpildkomitejas s\u0113de, kur\u0101 tiks lemts par Latvijas olimpisko sast\u0101vu, un tas ievies\u012bs skaidr\u012bbu \u0161aj\u0101 jaut\u0101jum\u0101.<\/p>\n<p>Bricis ir Latvijas sievie\u0161u izlases ilggad\u0113j\u0101s l\u012bderes Baibas Bendikas treneris un dz\u012bvesbiedrs. Bendika \u0161osezon PK kopv\u0113rt\u0113jum\u0101 ie\u0146em 50. vietu. Vi\u0146a \u0161osezon tr\u012bsreiz iek\u013cuvusi &#8220;Top 30&#8221; PK sprinta sacens\u012bb\u0101s, un atsevi\u0161\u0137i \u0161aj\u0101 discipl\u012bn\u0101 ie\u0146em 38. vietu PK kopv\u0113rt\u0113jum\u0101.<\/p>\n<p>Konteksts<\/p>\n<p><a href=\"https:\/\/sportacentrs.com\/ziemas_sports\/biatlons\/24022025-bricis_pirms_pc_stafetes_fiziski_savainoj\" target=\"_self\" rel=\"nofollow noopener\">Rastorgujevs apgalvo, ka P\u010c laik\u0101 treneris Bricis vi\u0146u piek\u0101vis<\/a><br \/><a href=\"https:\/\/sportacentrs.com\/ziemas_sports\/biatlons\/24022025-rolands_elins_1740415527\" target=\"_self\" rel=\"nofollow noopener\">Bricis skaidro konfliktu ar Rastorgujevu: &#8220;Ne es pie vi\u0146a g\u0101ju uz istabu run\u0101ties&#8221;<\/a><br \/><a href=\"https:\/\/sportacentrs.com\/ziemas_sports\/biatlons\/andrejs_rastorgujevs\/25022025-rastorgujevs_noliedz_brica_un_bendikas_te\" target=\"_self\" rel=\"nofollow noopener\">Rastorgujevs noliedz Bri\u010da un Bendikas teikto par kauti\u0146a apst\u0101k\u013ciem<\/a><br \/><a href=\"https:\/\/sportacentrs.com\/ziemas_sports\/biatlons\/andrejs_rastorgujevs\/25022025-policija_sakusi_resorisko_parbaudi_par_ra\" target=\"_self\" rel=\"nofollow noopener\">Policija s\u0101kusi resorisko p\u0101rbaudi par Rastorgujeva un Bri\u010da konfliktu<\/a><br \/><a href=\"https:\/\/sportacentrs.com\/ziemas_sports\/biatlons\/26022025-bricis_pec_domstarpibam_ar_rastorgujevu_i\" target=\"_self\" rel=\"nofollow noopener\">LOK apstiprina biatlona izlases un Bri\u010da ce\u013cu \u0161\u0137ir\u0161anos<\/a><\/p>\n","protected":false},"excerpt":{"rendered":"&#8220;Ilm\u0101rs Bricis b\u016bs Pasaules kausa posm\u0101 \u010cehij\u0101,&#8221; m\u016bsu port\u0101lam nor\u0101d\u012bja LBF prezidents Kaspars Sakni\u0146\u0161. &#8220;Esam vi\u0146u akredit\u0113ju\u0161i, vi\u0146\u0161&hellip;\n","protected":false},"author":2,"featured_media":108876,"comment_status":"","ping_status":"","sticky":false,"template":"","format":"standard","meta":{"footnotes":""},"categories":[17],"tags":[35,39,38,36,37,34,40,67,620],"class_list":{"0":"post-108875","1":"post","2":"type-post","3":"status-publish","4":"format-standard","5":"has-post-thumbnail","7":"category-sports","8":"tag-latvia","9":"tag-latvian","10":"tag-latviesu","11":"tag-latviesu-valoda","12":"tag-latviesuvaloda","13":"tag-latvija","14":"tag-lv","15":"tag-sports","16":"tag-ziemas-sports"},"share_on_mastodon":{"url":"https:\/\/pubeurope.com\/@lv\/115923344591001413","error":""},"_links":{"self":[{"href":"https:\/\/www.europesays.com\/lv\/wp-json\/wp\/v2\/posts\/108875","targetHints":{"allow":["GET"]}}],"collection":[{"href":"https:\/\/www.europesays.com\/lv\/wp-json\/wp\/v2\/posts"}],"about":[{"href":"https:\/\/www.europesays.com\/lv\/wp-json\/wp\/v2\/types\/post"}],"author":[{"embeddable":true,"href":"https:\/\/www.europesays.com\/lv\/wp-json\/wp\/v2\/users\/2"}],"replies":[{"embeddable":true,"href":"https:\/\/www.europesays.com\/lv\/wp-json\/wp\/v2\/comments?post=108875"}],"version-history":[{"count":0,"href":"https:\/\/www.europesays.com\/lv\/wp-json\/wp\/v2\/posts\/108875\/revisions"}],"wp:featuredmedia":[{"embeddable":true,"href":"https:\/\/www.europesays.com\/lv\/wp-json\/wp\/v2\/media\/108876"}],"wp:attachment":[{"href":"https:\/\/www.europesays.com\/lv\/wp-json\/wp\/v2\/media?parent=108875"}],"wp:term":[{"taxonomy":"category","embeddable":true,"href":"https:\/\/www.europesays.com\/lv\/wp-json\/wp\/v2\/categories?post=108875"},{"taxonomy":"post_tag","embeddable":true,"href":"https:\/\/www.europesays.com\/lv\/wp-json\/wp\/v2\/tags?post=108875"}],"curies":[{"name":"wp","href":"https:\/\/api.w.org\/{rel}","templated":true}]}}