{"id":108883,"date":"2026-01-19T19:15:08","date_gmt":"2026-01-19T19:15:08","guid":{"rendered":"https:\/\/www.europesays.com\/lv\/108883\/"},"modified":"2026-01-19T19:15:08","modified_gmt":"2026-01-19T19:15:08","slug":"video-%e2%9f%a9-dramas-pilna-spele-senegala-klust-par-afrikas-cempioni-futbola","status":"publish","type":"post","link":"https:\/\/www.europesays.com\/lv\/108883\/","title":{"rendered":"VIDEO \u27e9 Dr\u0101mas piln\u0101 sp\u0113l\u0113 Seneg\u0101la k\u013c\u016bst par \u0100frikas \u010dempioni futbol\u0101"},"content":{"rendered":"<p>Fin\u0101l\u0101 c\u012b\u0146a starp Seneg\u0101lu un turn\u012bra m\u0101jinieci Maroku pamatlaik\u0101 nosl\u0113dz\u0101s neiz\u0161\u0137irti 0:0 (0:0), bet papildlaik\u0101 seneg\u0101lie\u0161i bija p\u0101r\u0101ki ar 1:0 (1:0).<\/p>\n<p>Otr\u0101 puslaika kompens\u0101cijas laika izska\u0146\u0101 viens no Marokas futbolistiem pretinieku soda laukum\u0101 tika pagr\u016bsts. S\u0101kotn\u0113ji tiesnesis nesaskat\u012bja p\u0101rk\u0101pumu, ta\u010du p\u0113c VAR iesaistes uz Seneg\u0101las v\u0101rtiem tika noz\u012bm\u0113ts 11 metru soda sitiens.<\/p>\n<p>Neilgi p\u0113c tam Seneg\u0101las futbolisti, uzskatot, ka tiesne\u0161a l\u0113mums bija nepareizs, s\u0101ka pamest laukumu. Sp\u0113le uz laiku tika aptur\u0113ta, ta\u010du turpin\u0101jum\u0101 seneg\u0101lie\u0161i tom\u0113r atgriez\u0101s laukum\u0101.<\/p>\n<p>Ats\u0101koties sp\u0113lei, &#8220;pendeli&#8221; izpild\u012bt dev\u0101s Brahims Diass, kura sitienu v\u0101rtu vid\u016b viegli atvair\u012bja Seneg\u0101las v\u0101rtsargs Edu\u0101rs Mend\u012b.<\/p>\n<p>Papildlaika ievad\u0101 <a href=\"https:\/\/www.apollo.lv\/term\/741761\/senegala\" class=\"topicLink\" target=\"_blank\" rel=\"nofollow noopener\">Seneg\u0101la<\/a> guva uzvaru neso\u0161os v\u0101rtus p\u0113c sp\u0113l\u0113t\u0101m nepiln\u0101m \u010detr\u0101m min\u016bt\u0113m, kad Pape Gejs pretuzbrukum\u0101 ielauz\u0101s Marokas soda laukum\u0101 un raid\u012bja bumbu pretinieku v\u0101rtos.<\/p>\n<p>Seneg\u0101la iepriek\u0161 triumf\u0113ja \u0100frikas N\u0101ciju kaus\u0101 2021. gad\u0101, bet 2002. un 2019. gad\u0101 piedz\u012bvoja zaud\u0113jumu fin\u0101l\u0101.<\/p>\n<p>Sestdien sp\u0113l\u0113 par tre\u0161o vietu starp Nig\u0113rijas un \u0112\u0123iptes izlas\u0113m rezult\u0101ts p\u0113c pamatlaika bija neiz\u0161\u0137irts 0:0, bet sekojo\u0161aj\u0101 11 metru sitienu s\u0113rij\u0101 ar 4:2 uzvar\u0113ja Nig\u0113rija.<\/p>\n<p>Pusfin\u0101l\u0101 Seneg\u0101la ar 1:0 p\u0101rsp\u0113ja \u0112\u0123ipti, bet otr\u0101 pusfin\u0101la duel\u012b Marokas 11 metru sitienu s\u0113rij\u0101 ar 4:2 p\u0101rsp\u0113ja Nig\u0113riju. Pamatlaik\u0101 un papildlaik\u0101 v\u0101rti netika g\u016bti, bet p\u0113csp\u0113les sitienos marok\u0101\u0146u v\u0101rtsargs Jasins Bon\u016b atvair\u012bja divas bumbas, kam\u0113r nig\u0113rie\u0161u v\u0101rtsargs Stenlijs Nvabali &#8211; vienu.<\/p>\n<p>\u0100frikas N\u0101ciju kausa izc\u012b\u0146a tiek aizvad\u012bta jau 35. reizi. 2024. gad\u0101 par uzvar\u0113t\u0101ju k\u013cuva Kotdivu\u0101ras izlase, kas fin\u0101l\u0101 ar 2:1 apsp\u0113l\u0113ja Nig\u0113riju, tre\u0161o reizi v\u0113stur\u0113 triumf\u0113jot turn\u012br\u0101.<\/p>\n<p>Titul\u0113t\u0101k\u0101 \u0100frikas N\u0101ciju kausa izc\u012b\u0146as komanda ir \u0112\u0123ipte, kas triumf\u0113jusi septi\u0146as reizes.<\/p>\n","protected":false},"excerpt":{"rendered":"Fin\u0101l\u0101 c\u012b\u0146a starp Seneg\u0101lu un turn\u012bra m\u0101jinieci Maroku pamatlaik\u0101 nosl\u0113dz\u0101s neiz\u0161\u0137irti 0:0 (0:0), bet papildlaik\u0101 seneg\u0101lie\u0161i bija p\u0101r\u0101ki&hellip;\n","protected":false},"author":2,"featured_media":108884,"comment_status":"","ping_status":"","sticky":false,"template":"","format":"standard","meta":{"footnotes":""},"categories":[17],"tags":[676,1375,35,39,38,36,37,34,40,21541,67],"class_list":{"0":"post-108883","1":"post","2":"type-post","3":"status-publish","4":"format-standard","5":"has-post-thumbnail","7":"category-sports","8":"tag-futbols","9":"tag-futbols-pasaule","10":"tag-latvia","11":"tag-latvian","12":"tag-latviesu","13":"tag-latviesu-valoda","14":"tag-latviesuvaloda","15":"tag-latvija","16":"tag-lv","17":"tag-senegala","18":"tag-sports"},"share_on_mastodon":{"url":"https:\/\/pubeurope.com\/@lv\/115923368200399110","error":""},"_links":{"self":[{"href":"https:\/\/www.europesays.com\/lv\/wp-json\/wp\/v2\/posts\/108883","targetHints":{"allow":["GET"]}}],"collection":[{"href":"https:\/\/www.europesays.com\/lv\/wp-json\/wp\/v2\/posts"}],"about":[{"href":"https:\/\/www.europesays.com\/lv\/wp-json\/wp\/v2\/types\/post"}],"author":[{"embeddable":true,"href":"https:\/\/www.europesays.com\/lv\/wp-json\/wp\/v2\/users\/2"}],"replies":[{"embeddable":true,"href":"https:\/\/www.europesays.com\/lv\/wp-json\/wp\/v2\/comments?post=108883"}],"version-history":[{"count":0,"href":"https:\/\/www.europesays.com\/lv\/wp-json\/wp\/v2\/posts\/108883\/revisions"}],"wp:featuredmedia":[{"embeddable":true,"href":"https:\/\/www.europesays.com\/lv\/wp-json\/wp\/v2\/media\/108884"}],"wp:attachment":[{"href":"https:\/\/www.europesays.com\/lv\/wp-json\/wp\/v2\/media?parent=108883"}],"wp:term":[{"taxonomy":"category","embeddable":true,"href":"https:\/\/www.europesays.com\/lv\/wp-json\/wp\/v2\/categories?post=108883"},{"taxonomy":"post_tag","embeddable":true,"href":"https:\/\/www.europesays.com\/lv\/wp-json\/wp\/v2\/tags?post=108883"}],"curies":[{"name":"wp","href":"https:\/\/api.w.org\/{rel}","templated":true}]}}