{"id":108923,"date":"2026-01-19T20:27:07","date_gmt":"2026-01-19T20:27:07","guid":{"rendered":"https:\/\/www.europesays.com\/lv\/108923\/"},"modified":"2026-01-19T20:27:07","modified_gmt":"2026-01-19T20:27:07","slug":"australian-open-ievada-ostapenko-centisies-atgriezties-uz-panakumu-takas-teniss-sportacentrs-com","status":"publish","type":"post","link":"https:\/\/www.europesays.com\/lv\/108923\/","title":{"rendered":"&#8220;Australian Open&#8221; ievad\u0101 Ostapenko cent\u012bsies atgriezties uz pan\u0101kumu takas \u2013 Teniss \u2013 Sportacentrs.com"},"content":{"rendered":"<p># Pirmaj\u0101 k\u0101rt\u0101 otrdien sp\u0113kosies Baltijas pirm\u0101 rakete <a href=\"https:\/\/sportacentrs.com\/teniss\/jelena_ostapenko\" target=\"_blank\" rel=\"nofollow noopener\">A\u013cona Ostapenko<\/a> (#24) un Slov\u0101kijas lab\u0101k\u0101 tenisiste Rebeka \u0160ramkova (#73).<\/p>\n<p>\u2022 Savstarp\u0113jo sp\u0113\u013cu bilance ir 3-1 (m\u016bs\u0113jai tr\u012bs uzvaras tre\u0161aj\u0101 set\u0101).<\/p>\n<p>\u2022 2025. gad\u0101 Ostapenko bija 18-19 bilance, savuk\u0101rt \u0160ramkova sakr\u0101ja 23-30.<\/p>\n<p>\u2022 Pag\u0101ju\u0161aj\u0101 sezon\u0101 Latvijas tenisa l\u012bderei bija savdab\u012bga bilance ma\u010dos pret da\u017e\u0101da ranga tenisist\u0113m: 10-15 pret \u0101rpus &#8220;top 30&#8221; eso\u0161\u0101m, 4-3 pret #11-30 sp\u0113l\u0113t\u0101j\u0101m, 4-1 pret &#8220;top 5&#8221;.<\/p>\n<p>\u2022 &#8220;Grand Slam&#8221; l\u012bmen\u012b Ostapenko kr\u0101jum\u0101 ir &#8220;French Open&#8221; \u010dempiones tituls (2017) un Vimbldonas pusfin\u0101ls (2018), savuk\u0101rt \u0160ramkova p\u0113rn sp\u0113l\u0113ja &#8220;Australian Open&#8221; otraj\u0101 k\u0101rt\u0101.<\/p>\n<p>\u2022 Karjeras laik\u0101 28 gad\u012bg\u0101 Ostapenko triumf\u0113jusi devi\u0146os WTA turn\u012bros, tostarp apr\u012bl\u012b uzvar\u0113ja <a href=\"https:\/\/sportacentrs.com\/teniss\/jelena_ostapenko\/21042025-ostapenko_apspele_ranga_lideri_un_nopelna\" target=\"_blank\" rel=\"nofollow noopener\">\u0160tutgartes &#8220;WTA 500&#8221;<\/a> m\u0101la fin\u0101l\u0101. 29 gad\u012bgajai \u0160ramkovai ir WTA &#8220;250&#8221; tituls (2024).<\/p>\n<p>\u2022 Ostapenko patlaban ir se\u0161u zaud\u0113jumu s\u0113rija, p\u0113d\u0113joreiz uzvar\u0113ja 2025. gada august\u0101.<\/p>\n<p>\u2022 Melburnas turn\u012br\u0101 Ostapenko start\u0113s 11. gadu p\u0113c k\u0101rtas, aust\u0101kais sasniegums ir 1\/4 fin\u0101ls (2024). \u0160ramkova \u0161eit sacent\u012bsies sept\u012bto gadu, lab\u0101kais pan\u0101kums ir otr\u0101 k\u0101rta (2025).<\/p>\n<p>\u2022 Sp\u0113les laik\u0101 var\u0113tu b\u016bt 25 gr\u0101di.<\/p>\n<p>\u2022 Melburn\u0101 par pirmo k\u0101rtu pien\u0101kas desmit punkti rangam un 100 965 ASV dol\u0101ru naudas balva, savuk\u0101rt otr\u0101s k\u0101rtas dal\u012bbniece nopeln\u012bs attiec\u012bgi 70 un 151 448.<\/p>\n<p>\u2022 Due\u013ca uzvar\u0113t\u0101jai otraj\u0101 k\u0101rt\u0101 pret\u012b st\u0101sies \u0137\u012bniete Sji\u0146ju Vana (#46) vai ukrainiete Anhelina Ka\u013ci\u0146ina (#179).<\/p>\n<p>\u2022 Turn\u012brs ir \u0101rk\u0101rt\u012bgi apmekl\u0113ts, l\u012bdz ar to skat\u012bt\u0101jiem j\u0101st\u0101v gar\u0101 rind\u0101, lai tiktu stadion\u0101.<\/p>\n<p>Izmantotie resursi:<br \/><a href=\"https:\/\/ausopen.com\/draws#!womens-singles\" target=\"_blank\" rel=\"nofollow noopener\">ausopen.com<\/a><\/p>\n","protected":false},"excerpt":{"rendered":"# Pirmaj\u0101 k\u0101rt\u0101 otrdien sp\u0113kosies Baltijas pirm\u0101 rakete A\u013cona Ostapenko (#24) un Slov\u0101kijas lab\u0101k\u0101 tenisiste Rebeka \u0160ramkova (#73).&hellip;\n","protected":false},"author":2,"featured_media":98817,"comment_status":"","ping_status":"","sticky":false,"template":"","format":"standard","meta":{"footnotes":""},"categories":[17],"tags":[35,39,38,36,37,34,40,67,683],"class_list":{"0":"post-108923","1":"post","2":"type-post","3":"status-publish","4":"format-standard","5":"has-post-thumbnail","7":"category-sports","8":"tag-latvia","9":"tag-latvian","10":"tag-latviesu","11":"tag-latviesu-valoda","12":"tag-latviesuvaloda","13":"tag-latvija","14":"tag-lv","15":"tag-sports","16":"tag-teniss"},"share_on_mastodon":{"url":"https:\/\/pubeurope.com\/@lv\/115923651313969434","error":""},"_links":{"self":[{"href":"https:\/\/www.europesays.com\/lv\/wp-json\/wp\/v2\/posts\/108923","targetHints":{"allow":["GET"]}}],"collection":[{"href":"https:\/\/www.europesays.com\/lv\/wp-json\/wp\/v2\/posts"}],"about":[{"href":"https:\/\/www.europesays.com\/lv\/wp-json\/wp\/v2\/types\/post"}],"author":[{"embeddable":true,"href":"https:\/\/www.europesays.com\/lv\/wp-json\/wp\/v2\/users\/2"}],"replies":[{"embeddable":true,"href":"https:\/\/www.europesays.com\/lv\/wp-json\/wp\/v2\/comments?post=108923"}],"version-history":[{"count":0,"href":"https:\/\/www.europesays.com\/lv\/wp-json\/wp\/v2\/posts\/108923\/revisions"}],"wp:featuredmedia":[{"embeddable":true,"href":"https:\/\/www.europesays.com\/lv\/wp-json\/wp\/v2\/media\/98817"}],"wp:attachment":[{"href":"https:\/\/www.europesays.com\/lv\/wp-json\/wp\/v2\/media?parent=108923"}],"wp:term":[{"taxonomy":"category","embeddable":true,"href":"https:\/\/www.europesays.com\/lv\/wp-json\/wp\/v2\/categories?post=108923"},{"taxonomy":"post_tag","embeddable":true,"href":"https:\/\/www.europesays.com\/lv\/wp-json\/wp\/v2\/tags?post=108923"}],"curies":[{"name":"wp","href":"https:\/\/api.w.org\/{rel}","templated":true}]}}