{"id":108924,"date":"2026-01-19T20:31:10","date_gmt":"2026-01-19T20:31:10","guid":{"rendered":"https:\/\/www.europesays.com\/lv\/108924\/"},"modified":"2026-01-19T20:31:10","modified_gmt":"2026-01-19T20:31:10","slug":"barselonas-ilggadejais-pirmais-numurs-izirets-lidz-sezonas-beigam-futbols-sportacentrs-com","status":"publish","type":"post","link":"https:\/\/www.europesays.com\/lv\/108924\/","title":{"rendered":"Barselonas ilggad\u0113jais pirmais numurs iz\u012br\u0113ts l\u012bdz sezonas beig\u0101m \u2013 Futbols \u2013 Sportacentrs.com"},"content":{"rendered":"<p>Ter St\u0113gens \u0161aj\u0101 sezon\u0101 aizvad\u012bjis tikai vienu sp\u0113li un ir nol\u0113mis pamest &#8221;Barcelona&#8221;, lai atrastu vair\u0101k sp\u0113les laika un saglab\u0101tu vietu V\u0101cijas futbola izlases sast\u0101v\u0101 \u0161\u012bs vasaras Pasaules kausam. Papildu faktors ir ar\u012b vi\u0146a jaun\u0101s komandas \u0123eogr\u0101fiskais tuvums &#8211; \u017dirona atrodas nepilnu 100 kilometru att\u0101lum\u0101 no Barselonas, kas \u0161o p\u0101reju padara \u012bpa\u0161i pievilc\u012bgu.<\/p>\n<p>Kop\u0161 l\u012bguma parakst\u012b\u0161anas ar &#8221;Barcelona&#8221; 2014. gad\u0101 ter St\u0113gens komandas rind\u0101s aizvad\u012bjis 423 sp\u0113les un izc\u012bn\u012bjis 17 trofejas. Tom\u0113r kop\u0161 Hans\u012b Fliks k\u013cuva par komandas galveno treneri 2024. gad\u0101, v\u0101rtsarga sp\u0113les laiku b\u016btiski ietekm\u0113ju\u0161as traumas. Vi\u0146\u0161 izlaida liel\u0101ko da\u013cu iepriek\u0161\u0113j\u0101s sezonas ce\u013cgala traumas d\u0113\u013c, k\u0101 ar\u012b pirmos \u010detrus \u0161\u012bs sezonas m\u0113ne\u0161us p\u0113c muguras oper\u0101cijas, laukum\u0101 atgrie\u017eoties tikai decembr\u012b.<\/p>\n<p>33 gadus vecais ter St\u0113gens \u0161\u012bs sezonas s\u0101kum\u0101 zaud\u0113ja pirm\u0101 numura statusu Joanam Garsijam, kur\u0161 \u0161aj\u0101 vasar\u0101 pievienoj\u0101s &#8221;Barcelona&#8221; no &#8221;Espanyol&#8221; par 25 miljoniem eiro.<\/p>\n<p>Ter St\u0113gena n\u0101kamais klubs &#8221;Girona&#8221; \u0161obr\u012bd ie\u0146em desmito vietu Sp\u0101nijas &#8221;LaLiga&#8221; turn\u012bra tabul\u0101, kam\u0113r &#8221;Barcelona&#8221; atrodas tabulas galvgal\u012b, par vienu punktu apsteidzot otraj\u0101 viet\u0101 eso\u0161o Madrides &#8221;Real&#8221;.<\/p>\n<p>Izmantotie resursi:<br \/><a target=\"_blank\" href=\"https:\/\/x.com\/FabrizioRomano\/status\/2013288838769029474\" rel=\"nofollow\">https:\/\/x.com\/FabrizioRomano\/status&#8230;<\/a><\/p>\n","protected":false},"excerpt":{"rendered":"Ter St\u0113gens \u0161aj\u0101 sezon\u0101 aizvad\u012bjis tikai vienu sp\u0113li un ir nol\u0113mis pamest &#8221;Barcelona&#8221;, lai atrastu vair\u0101k sp\u0113les laika&hellip;\n","protected":false},"author":2,"featured_media":108925,"comment_status":"","ping_status":"","sticky":false,"template":"","format":"standard","meta":{"footnotes":""},"categories":[5],"tags":[23,28,29,32,33,676,22,30,31,35,39,38,36,37,34,40,20,26,27,24,25,21],"class_list":{"0":"post-108924","1":"post","2":"type-post","3":"status-publish","4":"format-standard","5":"has-post-thumbnail","7":"category-aktualitates","8":"tag-aktualitates","9":"tag-breaking-news","10":"tag-breakingnews","11":"tag-featured-news","12":"tag-featurednews","13":"tag-futbols","14":"tag-headlines","15":"tag-latest-news","16":"tag-latestnews","17":"tag-latvia","18":"tag-latvian","19":"tag-latviesu","20":"tag-latviesu-valoda","21":"tag-latviesuvaloda","22":"tag-latvija","23":"tag-lv","24":"tag-news","25":"tag-popularakas-zinas","26":"tag-popularakaszinas","27":"tag-top-stories","28":"tag-topstories","29":"tag-zinas"},"share_on_mastodon":{"url":"https:\/\/pubeurope.com\/@lv\/115923667137830737","error":""},"_links":{"self":[{"href":"https:\/\/www.europesays.com\/lv\/wp-json\/wp\/v2\/posts\/108924","targetHints":{"allow":["GET"]}}],"collection":[{"href":"https:\/\/www.europesays.com\/lv\/wp-json\/wp\/v2\/posts"}],"about":[{"href":"https:\/\/www.europesays.com\/lv\/wp-json\/wp\/v2\/types\/post"}],"author":[{"embeddable":true,"href":"https:\/\/www.europesays.com\/lv\/wp-json\/wp\/v2\/users\/2"}],"replies":[{"embeddable":true,"href":"https:\/\/www.europesays.com\/lv\/wp-json\/wp\/v2\/comments?post=108924"}],"version-history":[{"count":0,"href":"https:\/\/www.europesays.com\/lv\/wp-json\/wp\/v2\/posts\/108924\/revisions"}],"wp:featuredmedia":[{"embeddable":true,"href":"https:\/\/www.europesays.com\/lv\/wp-json\/wp\/v2\/media\/108925"}],"wp:attachment":[{"href":"https:\/\/www.europesays.com\/lv\/wp-json\/wp\/v2\/media?parent=108924"}],"wp:term":[{"taxonomy":"category","embeddable":true,"href":"https:\/\/www.europesays.com\/lv\/wp-json\/wp\/v2\/categories?post=108924"},{"taxonomy":"post_tag","embeddable":true,"href":"https:\/\/www.europesays.com\/lv\/wp-json\/wp\/v2\/tags?post=108924"}],"curies":[{"name":"wp","href":"https:\/\/api.w.org\/{rel}","templated":true}]}}