{"id":108932,"date":"2026-01-19T20:43:11","date_gmt":"2026-01-19T20:43:11","guid":{"rendered":"https:\/\/www.europesays.com\/lv\/108932\/"},"modified":"2026-01-19T20:43:11","modified_gmt":"2026-01-19T20:43:11","slug":"kazaka-vieta-par-ecb-valdes-priekssedetaja-vietnieku-nolemj-virzit-vujcicu-apollo-lv","status":"publish","type":"post","link":"https:\/\/www.europesays.com\/lv\/108932\/","title":{"rendered":"Kaz\u0101ka viet\u0101 par ECB valdes priek\u0161s\u0113d\u0113t\u0101ja vietnieku nolemj virz\u012bt Vuj\u010di\u010du &#8211; Apollo.lv"},"content":{"rendered":"<ol>\n<li><a href=\"https:\/\/news.google.com\/rss\/articles\/CBMipwFBVV95cUxQaTZtR2MyYlo2cjJUZ1l2MVdtd3pKTGV5VXhvZy01UzFtNGZNZFdQY1I4UURRZ29NWm5veVJMeDJrY1FWT3k5d0hOTHZ2bm9OWVZQUklfcW8yb3gyaVNxN3Z0eGJ2WWlINW9NR0VrLW5RT2xpMnJwYmsxYTU1UkdnUEdFYmdLZVdKSHdVWlBXVVFKMzM4SFN6cGhNM1RjaUdjanRnLTlJWQ?oc=5\" target=\"_blank\" rel=\"nofollow noopener\">Kaz\u0101ka viet\u0101 par ECB valdes priek\u0161s\u0113d\u0113t\u0101ja vietnieku nolemj virz\u012bt Vuj\u010di\u010du<\/a>&nbsp;&nbsp;Apollo.lv<\/li>\n<li><a href=\"https:\/\/news.google.com\/rss\/articles\/CBMilAFBVV95cUxOdS10NGVidEV2QTZxaWxrcDNHbFFjNTlGcXJGNXkwamlUUW1NcVVjNWRZa2pLMGE2OC0xMVE0MVNVbGk4aDFxclhja2w0Z3ExdzFzRmFHdmcyR0VOWk03VDRsbzA4UnlaRFhYUVJpSm40eWp1cUJwY1doR2JoSGdtQzMzWmNmYlE3UkJMcjRlV3ItN0pK?oc=5\" target=\"_blank\" rel=\"nofollow noopener\">Par ECB valdes priek\u0161s\u0113d\u0113t\u0101ja vietnieku nolemj virz\u012bt Vuj\u010di\u010du<\/a>&nbsp;&nbsp;TVNET<\/li>\n<li><a href=\"https:\/\/news.google.com\/rss\/articles\/CBMi8gFBVV95cUxNSnY5bnJnNWhWTm1fSVEyeWJZZjVSbFVlaHBtODZGY0tkTG1ZYW9SYkFDb1FTdmtIYXlMNWV6ZmRuYmo3OWZ6TW9zSXFLRHhINy1XR19pSmVhRm5VY0NPeElCb24ycHVkS24tQnkxZFBBNi04cFVRR3AxMmhkQzNoRWVaQjBPY1Z1S1ZXeVlrM2ZBLVFwNW1WVzQyclg0dmhXRFNtNHV0d1VOMmFXVUwyak15WXhIdVEySHV0dnc1S2gzWnZkU2RIVDd1UnJIQkU3dXBHckRieEZSM3lSSHY5M1FmRmY0TEdIYkhhc3ZIWHdQQQ?oc=5\" target=\"_blank\" rel=\"nofollow noopener\">Kaz\u0101ka iesp\u0113jamais amats ECB satrauc politi\u0137us: var n\u0101kties mekl\u0113t jaunu Latvijas Bankas prezidentu<\/a>&nbsp;&nbsp;LSM<\/li>\n<li><a href=\"https:\/\/news.google.com\/rss\/articles\/CBMi0wFBVV95cUxOeDFrV1ZRZW9JeVBHNC1OZy14T3VEQm8xcE94VWNJQ0RNV09mS1lNeFdMSHI2MDhNRUxuRTR3azFYWXJDa0RudmdHWmNISk5DNzNWZHV2VklMZllNazRnNmh0cWNaakswVDlDX3c2M1ZQZkZKalhRc0FYZ0p0NEhLekxyS3hyaHE1V3BTRnFCQlFWcVN1emJXdk5qRFlxNlB6b0FWVDVnb2xLOTlaMktTWXRLX0F5Y0RMM29NRXBxMlppeU43Ui1pNUpHclZ1UU9tLVlJ0gHYAUFVX3lxTE5uUC1DSU4xd0c0S2dnMkNLLThNV0g1OHlIalBDaExNWnVGaGhWWjBnZW1mMGYwaFA2dW9QRjlFTW5FOXkwcE83RERsUDBVRzhjdGtaNTNPazktZHhmMG9HWXRMMzFaMkM4NXpPYTlqdC03T2d1eWhDUEFCSjJCLXByYm9QN09mX2k2Y1pWQmFTNUpycGNSX0p0WDRhbHVPenRoV3NrTFE2ZlFLWHVlR25ySWczdl95RDFkck53TUg0VGkzdUxiUTIyRE9qT3h6a3JPLUNyTHF2Ug?oc=5\" target=\"_blank\" rel=\"nofollow noopener\">ZZS politi\u0137is: Kaz\u0101ka k\u013c\u016b\u0161ana par ECB viceprezidentu b\u016btu gods un iesp\u0113ja visai Latvijai<\/a>&nbsp;&nbsp;bb.lv<\/li>\n<li><a href=\"https:\/\/news.google.com\/rss\/articles\/CBMiwAFBVV95cUxNbnU2OS1BcEFQTDdxUi0xeXlfdkFfWlFscDRJaENhSUJSRFZHUUlDclg1VnZNZzg3WktyTk55SzNmeXFfR3kxVUozUXRIMkpmUDVCaEFkRm5JWGl1cHE0aEpxV3VXWmdPUm1VNV9rZ3NEcVBGTUhaMEFWaFFnZk9qVXhHaS1iamxpUUJKNHI3NXgtLTV1bDVWU3NQLWVOM20xZFBRSVhyM0xkZi1SWjFVdVZqT2R4WlJPejYyZ0R6eVM?oc=5\" target=\"_blank\" rel=\"nofollow noopener\">Deput\u0101te: Kaz\u0101ka izvirz\u012b\u0161ana ECB viceprezidenta amatam ir augsts nov\u0113rt\u0113jums Latvijai<\/a>&nbsp;&nbsp;Jauns.lv<\/li>\n<\/ol>\n","protected":false},"excerpt":{"rendered":"Kaz\u0101ka viet\u0101 par ECB valdes priek\u0161s\u0113d\u0113t\u0101ja vietnieku nolemj virz\u012bt Vuj\u010di\u010du&nbsp;&nbsp;Apollo.lv Par ECB valdes priek\u0161s\u0113d\u0113t\u0101ja vietnieku nolemj virz\u012bt Vuj\u010di\u010du&nbsp;&nbsp;TVNET&hellip;\n","protected":false},"author":2,"featured_media":108880,"comment_status":"","ping_status":"","sticky":false,"template":"","format":"standard","meta":{"footnotes":""},"categories":[5],"tags":[23,28,29,10200,32,33,22,30,31,35,39,38,36,37,34,40,45,20,26,27,24,25,21],"class_list":{"0":"post-108932","1":"post","2":"type-post","3":"status-publish","4":"format-standard","5":"has-post-thumbnail","7":"category-aktualitates","8":"tag-aktualitates","9":"tag-breaking-news","10":"tag-breakingnews","11":"tag-eiropas-centrala-banka","12":"tag-featured-news","13":"tag-featurednews","14":"tag-headlines","15":"tag-latest-news","16":"tag-latestnews","17":"tag-latvia","18":"tag-latvian","19":"tag-latviesu","20":"tag-latviesu-valoda","21":"tag-latviesuvaloda","22":"tag-latvija","23":"tag-lv","24":"tag-martins-kazaks","25":"tag-news","26":"tag-popularakas-zinas","27":"tag-popularakaszinas","28":"tag-top-stories","29":"tag-topstories","30":"tag-zinas"},"share_on_mastodon":{"url":"https:\/\/pubeurope.com\/@lv\/115923714193665151","error":""},"_links":{"self":[{"href":"https:\/\/www.europesays.com\/lv\/wp-json\/wp\/v2\/posts\/108932","targetHints":{"allow":["GET"]}}],"collection":[{"href":"https:\/\/www.europesays.com\/lv\/wp-json\/wp\/v2\/posts"}],"about":[{"href":"https:\/\/www.europesays.com\/lv\/wp-json\/wp\/v2\/types\/post"}],"author":[{"embeddable":true,"href":"https:\/\/www.europesays.com\/lv\/wp-json\/wp\/v2\/users\/2"}],"replies":[{"embeddable":true,"href":"https:\/\/www.europesays.com\/lv\/wp-json\/wp\/v2\/comments?post=108932"}],"version-history":[{"count":0,"href":"https:\/\/www.europesays.com\/lv\/wp-json\/wp\/v2\/posts\/108932\/revisions"}],"wp:featuredmedia":[{"embeddable":true,"href":"https:\/\/www.europesays.com\/lv\/wp-json\/wp\/v2\/media\/108880"}],"wp:attachment":[{"href":"https:\/\/www.europesays.com\/lv\/wp-json\/wp\/v2\/media?parent=108932"}],"wp:term":[{"taxonomy":"category","embeddable":true,"href":"https:\/\/www.europesays.com\/lv\/wp-json\/wp\/v2\/categories?post=108932"},{"taxonomy":"post_tag","embeddable":true,"href":"https:\/\/www.europesays.com\/lv\/wp-json\/wp\/v2\/tags?post=108932"}],"curies":[{"name":"wp","href":"https:\/\/api.w.org\/{rel}","templated":true}]}}