{"id":108997,"date":"2026-01-20T00:27:11","date_gmt":"2026-01-20T00:27:11","guid":{"rendered":"https:\/\/www.europesays.com\/lv\/108997\/"},"modified":"2026-01-20T00:27:11","modified_gmt":"2026-01-20T00:27:11","slug":"uljanas-semjonovas-tuvinieki-izsaka-pateicibu-ikvienam-kurs-bijis-klatesoss-1188-lv","status":"publish","type":"post","link":"https:\/\/www.europesays.com\/lv\/108997\/","title":{"rendered":"U\u013cjanas Semjonovas tuvinieki izsaka pateic\u012bbu ikvienam, kur\u0161 bijis kl\u0101teso\u0161s &#8211; 1188.lv"},"content":{"rendered":"<ol>\n<li><a href=\"https:\/\/news.google.com\/rss\/articles\/CBMiqwFBVV95cUxNdWxTSjJIRmlMV08wUTI0UnlWU2J0eXM1LUVoVDRMbEw3V3hURThRUlJacF9VcnQ5VmYzNDUyYUNBS1Z6enpoa0tYMnVQclpCUGRNbF9KVTJvRkU1d05IRGNvWlFtODZPVldKdUJXTGJ1X0E5czE5clBVd2RrN3g5VS14b0VSbUxCNzZ3TzB2eVlONHoxMzFRN3hXUFREdldYVG51V0FOWUkyVDQ?oc=5\" target=\"_blank\" rel=\"nofollow noopener\">U\u013cjanas Semjonovas tuvinieki izsaka pateic\u012bbu ikvienam, kur\u0161 bijis kl\u0101teso\u0161s<\/a>&nbsp;&nbsp;1188.lv<\/li>\n<li><a href=\"https:\/\/news.google.com\/rss\/articles\/CBMiqgFBVV95cUxQSlRRYnpxTjZiRV9hNlFJRUFWeEV3eEViMi1VSHFjSUw0NHBZTXZnM2lIWHNJZnRLbFJFSlQxVWJfdUpCWllyeWZ0Q2JVaGlVXzIwemFDUy1pV0xEbXljMmtzLW5SU243a1YwMjgwQ3FLTzlQSm5aUEFManV0NGRULWZzSmFuYWdPTUVKbW4yaENiUm0zN2NtRElHdnZlYWxPUktwcEVCQ1YtZw?oc=5\" target=\"_blank\" rel=\"nofollow noopener\">&#8220;U\u013ca juta j\u016bsu m\u012blest\u012bbu&#8221; &#8211; U\u013cjanas Semjonovas \u0123imene saka lielu paldies<\/a>&nbsp;&nbsp;Jauns.lv<\/li>\n<li><a href=\"https:\/\/news.google.com\/rss\/articles\/CBMi1wFBVV95cUxPRmVvT2xXeHkzV2xwSnAtaGtfSmFxM2Ezd1FpYk9MTlcwRFJhRGtnZlpPVEhOYnZLSzlyRWwyYmZqVFAtUFRfOXkxUmtpeGNrZ2d3T1l6WlNCQi00Q0kxQ0tJTmZvVkhGRExaM3lpVVJPY1NETDI2WGRkenBKYmZKM0RHVWhnR3l4NzhGTi03ZTVETThvcm9keC1mU3JIOGJhUkt4OEVreC1nRGU5aHpIbXM3bHF2VVNQNmh4dFlmczRBOWt0WXJKV1Q4Zk9zY3k1dEZsb2ZEaw?oc=5\" target=\"_blank\" rel=\"nofollow noopener\">\u00abViss pasliktin\u0101j\u0101s triju dienu laik\u0101\u2026\u00bb Basketbolistes sirdsdraudzene par U\u013cas dz\u012bvi un aizie\u0161anu<\/a>&nbsp;&nbsp;Santa.lv<\/li>\n<li><a href=\"https:\/\/news.google.com\/rss\/articles\/CBMi0wFBVV95cUxOc0NkRXpXcllKWlM5LUJMSzlaWWdpMjRuV05DbkNVX3hUYm96dU1UeWNqLTQxS2lWVEpYM0szS1hOaENza1VuRXpicWF6aWFiSXFkUVdoWTVkQTQ1WW5odEJXRWhmNUdqZGVfQ2hEUnJVYzNvZjFUSWc4SXBSLUptVDA0b3gwRGE2WGNqQUhyUEN5LXgzdDRZb244djJMOTRlUHY4RVV4clV3cWJpZkhCMjBrRW4yanFiSzBRRjlrYzRsVUx0dk8xVHFLVlZmTFVnb1JR?oc=5\" target=\"_blank\" rel=\"nofollow noopener\">&#8220;St\u0101voklis pasliktin\u0101jies \u013coti strauji&#8221;: Semjonovas draudzene par sportistes p\u0113d\u0113j\u0101m dien\u0101m<\/a>&nbsp;&nbsp;Lasi.lv<\/li>\n<li><a href=\"https:\/\/news.google.com\/rss\/articles\/CBMitgFBVV95cUxNQldKVmxxaTNjTS0wR0F2b253MUFIUmNSMWNtTkNvNi1GTmZyRWFDcGpUNVQzWDFOdFpvNHVfS0xMQXdGZ1gtZGRJTngwVEtWUFNRc1c0eXVIcWd1SFhRUHNwcklhRndFcTcyTjFkclhUR1F2LXFWcTViMklnV3RJTzl5Y3FFLTN6RFJfYnVPZ01Ob3VKemtpbVR5d0lFNXMyNHJ6R0JFcFVaanRGX0dhbnhGNjZIZw?oc=5\" target=\"_blank\" rel=\"nofollow noopener\">U\u013cjanas Semjnovas vesel\u012bba strauji pasliktin\u0101j\u0101s tr\u012bs dienas pirms n\u0101ves<\/a>&nbsp;&nbsp;NRA<\/li>\n<\/ol>\n","protected":false},"excerpt":{"rendered":"U\u013cjanas Semjonovas tuvinieki izsaka pateic\u012bbu ikvienam, kur\u0161 bijis kl\u0101teso\u0161s&nbsp;&nbsp;1188.lv &#8220;U\u013ca juta j\u016bsu m\u012blest\u012bbu&#8221; &#8211; U\u013cjanas Semjonovas \u0123imene saka&hellip;\n","protected":false},"author":2,"featured_media":108998,"comment_status":"","ping_status":"","sticky":false,"template":"","format":"standard","meta":{"footnotes":""},"categories":[17],"tags":[129,4669,25508,3769,35,39,38,36,37,34,40,3770,4670,25509,67,3771,4671,25510],"class_list":{"0":"post-108997","1":"post","2":"type-post","3":"status-publish","4":"format-standard","5":"has-post-thumbnail","7":"category-sports","8":"tag-__typenameadvicekeyword","9":"tag-id1013","10":"tag-id2008","11":"tag-id813","12":"tag-latvia","13":"tag-latvian","14":"tag-latviesu","15":"tag-latviesu-valoda","16":"tag-latviesuvaloda","17":"tag-latvija","18":"tag-lv","19":"tag-slugbasketbols","20":"tag-slugin-memoriam","21":"tag-sluguljana-semjonova","22":"tag-sports","23":"tag-titlebasketbols","24":"tag-titlein-memoriam","25":"tag-titleuljana-semjonova"},"share_on_mastodon":{"url":"https:\/\/pubeurope.com\/@lv\/115924595049262608","error":""},"_links":{"self":[{"href":"https:\/\/www.europesays.com\/lv\/wp-json\/wp\/v2\/posts\/108997","targetHints":{"allow":["GET"]}}],"collection":[{"href":"https:\/\/www.europesays.com\/lv\/wp-json\/wp\/v2\/posts"}],"about":[{"href":"https:\/\/www.europesays.com\/lv\/wp-json\/wp\/v2\/types\/post"}],"author":[{"embeddable":true,"href":"https:\/\/www.europesays.com\/lv\/wp-json\/wp\/v2\/users\/2"}],"replies":[{"embeddable":true,"href":"https:\/\/www.europesays.com\/lv\/wp-json\/wp\/v2\/comments?post=108997"}],"version-history":[{"count":0,"href":"https:\/\/www.europesays.com\/lv\/wp-json\/wp\/v2\/posts\/108997\/revisions"}],"wp:featuredmedia":[{"embeddable":true,"href":"https:\/\/www.europesays.com\/lv\/wp-json\/wp\/v2\/media\/108998"}],"wp:attachment":[{"href":"https:\/\/www.europesays.com\/lv\/wp-json\/wp\/v2\/media?parent=108997"}],"wp:term":[{"taxonomy":"category","embeddable":true,"href":"https:\/\/www.europesays.com\/lv\/wp-json\/wp\/v2\/categories?post=108997"},{"taxonomy":"post_tag","embeddable":true,"href":"https:\/\/www.europesays.com\/lv\/wp-json\/wp\/v2\/tags?post=108997"}],"curies":[{"name":"wp","href":"https:\/\/api.w.org\/{rel}","templated":true}]}}