{"id":10903,"date":"2025-10-02T21:04:18","date_gmt":"2025-10-02T21:04:18","guid":{"rendered":"https:\/\/www.europesays.com\/lv\/10903\/"},"modified":"2025-10-02T21:04:18","modified_gmt":"2025-10-02T21:04:18","slug":"tuvakajas-dienas-anticiklona-ietekme-pakapeniski-mazinasies-un-laiks-mainisies","status":"publish","type":"post","link":"https:\/\/www.europesays.com\/lv\/10903\/","title":{"rendered":"Tuv\u0101kaj\u0101s dien\u0101s\u00a0anticiklona ietekme pak\u0101peniski mazin\u0101sies\u00a0un laiks main\u012bsies"},"content":{"rendered":"<p>Foto: R\u012bta kafija<\/p>\n<p style=\"text-align: justify;\">Ceturtdien\u00a0un\u00a0piektdien, 2. un 3. oktobr\u012b,\u00a0debes\u012bs b\u016bs main\u012bgs m\u0101ko\u0146u daudzums. Dienas aizrit\u0113s bez iev\u0113rojamiem nokri\u0161\u0146iem. P\u016bt\u012bs l\u0113ns v\u0113j\u0161, v\u0113sta Latvijas Vides, \u0123eolo\u0123ijas un meteorolo\u0123ijas centrs.\u00a0<\/p>\n<p style=\"text-align: justify;\">Nakt\u012b uz piektdienu,\u00a0k\u0101 ar\u012b r\u012bta stund\u0101s atsevi\u0161\u0137os rajonos veidosies migla, kas pasliktin\u0101s redzam\u012bbu. Nakt\u012bs termometra stabi\u0146\u0161 nosl\u012bd\u0113s l\u012bdz -2\u2026+4\u00b0 atz\u012bmei, viet\u0101m piekrast\u0113 +5\u2026+8\u00b0 atz\u012bmei. Dien\u0101s gaiss iesils l\u012bdz +9\u2026+13\u00b0.<\/p>\n<p style=\"text-align: justify;\">Br\u012bvdien\u0101s\u00a0anticiklona ietekme pak\u0101peniski mazin\u0101sies \u2013\u00a0sestdien\u00a0lok\u0101li austrumu rajonos iesp\u0113jams neliels lietus, savuk\u0101rt\u00a0sv\u0113tdien\u00a0lietus m\u0101ko\u0146i zona atnes\u012bs nokri\u0161\u0146u jau liel\u0101kaj\u0101 valsts da\u013c\u0101. Piekrastes tuvum\u0101 dienvidu puses v\u0113j\u0161 pie\u0146emsies sp\u0113k\u0101 un k\u013c\u016bs br\u0101zmains.<\/p>\n<blockquote>\n<p style=\"text-align: center;\">Sestdienas\u00a0nakt\u012b viet\u0101m v\u0113l gaisa temperat\u016bra joproj\u0101m sv\u0101rst\u012bsies ap 0\u00b0, bet nakts uz sv\u0113tdienu b\u016bs par da\u017eiem gr\u0101diem silt\u0101ka. Dien\u0101s gaisa temperat\u016bra nep\u0101rsniegs +14\u00b0.<\/p>\n<\/blockquote>\n<p style=\"text-align: justify;\">N\u0101kam\u0101 ned\u0113\u013ca p\u0101rsvar\u0101 paies akt\u012bva ciklona ietekm\u0113, kur\u0161 vis\u0101 valsts teritorij\u0101 nes\u012bs ruden\u012bgus laikapst\u0101k\u013cus \u2013 \u00a0viet\u0101m gaid\u0101mas intens\u012bv\u0101kas lietavas ( ar pla\u0161\u0101m nokri\u0161\u0146u zon\u0101m, kas virz\u012bsies p\u0101ri m\u016bsu teritorijai) un ned\u0113\u013cas pirmaj\u0101 pus\u0113 liel\u0101kaj\u0101 da\u013c\u0101 Latvijas laiks k\u013c\u016bs v\u0113jains. Gaisa temperat\u016bra nakt\u012bs saglab\u0101sies virs +5\u00b0 atz\u012bmes, un dien\u0101s \u00a0\u2013 l\u012bdz\u012bg\u0101s robe\u017e\u0101s k\u0101 l\u012bdz \u0161im.<\/p>\n<p style=\"text-align: justify;\">Lasiet ar\u012b:\u00a0<\/p>\n<p style=\"text-align: justify;\"><a style=\"color: #800000;\" href=\"https:\/\/ritakafija.lv\/2025\/09\/30\/vecriga-ir-brunaka-par-sabili-mellenu-laika-bokseris-zutis-par-migrantiem\/\" target=\"_blank\" rel=\"noopener nofollow\">\u00abVecr\u012bga ir br\u016bn\u0101ka par Sabili melle\u0146u laik\u0101!\u00bb \u2013 bokseris Zutis par migrantiem<\/a><\/p>\n<p style=\"text-align: justify;\"><a style=\"color: #800000;\" href=\"https:\/\/ritakafija.lv\/2025\/10\/01\/loti-izsverts-lemums-kulinarijas-gramatu-autore-signe-meirane-atklaj-kapec-izskirusies\/\" target=\"_blank\" rel=\"noopener nofollow\">\u00ab\u013boti izsv\u0113rts l\u0113mums,\u00bb \u2013 kulin\u0101rijas gr\u0101matu autore\u00a0Signe Meir\u0101ne atkl\u0101j, k\u0101p\u0113c iz\u0161\u0137\u012brusies<\/a><\/p>\n<p style=\"text-align: justify;\"><a style=\"color: #800000;\" href=\"https:\/\/ritakafija.lv\/2025\/09\/30\/krievija-vienmer-nakusi-ka-atbrivotaja-apgalvo-medvedevs-eiropu-salidzinot-ar-frigidu-veceni\/\" target=\"_blank\" rel=\"noopener nofollow\">\u00abKrievija vienm\u0113r n\u0101kusi k\u0101 atbr\u012bvot\u0101ja!\u00bb \u2013 apgalvo Medvedevs,\u00a0Eiropu sal\u012bdzinot ar frigidu veceni<\/a><\/p>\n<p style=\"text-align: justify;\"><a style=\"color: #800000;\" href=\"https:\/\/ritakafija.lv\/2025\/10\/01\/gulbis-persona-ko-agrak-sauca-aldis-gobzems-faktiski-terorize-pusi-valsts\/\" target=\"_blank\" rel=\"noopener nofollow\">Gulbis: Persona, ko agr\u0101k sauca Aldis Gobzems, faktiski teroriz\u0113 pusi valsts<\/a><\/p>\n<p style=\"text-align: justify;\"><a style=\"color: #800000;\" href=\"https:\/\/ritakafija.lv\/2025\/10\/01\/meness-un-merkura-speks-tris-zodiaka-zimes-klus-brivas-no-visa-kas-nomac\/\" target=\"_blank\" rel=\"noopener nofollow\">M\u0113ness un Merkura sp\u0113ks: tr\u012bs zodiaka z\u012bmes k\u013c\u016bs br\u012bvas no visa, kas nom\u0101c<\/a><\/p>\n<p style=\"text-align: justify;\"><a style=\"color: #800000;\" href=\"https:\/\/ritakafija.lv\/2025\/10\/01\/septinas-dzivespriecigas-gramatas-par-senioriem-ko-lasit-kopa-ar-berniem\/\" target=\"_blank\" rel=\"noopener nofollow\">Septi\u0146as dz\u012bvespriec\u012bgas gr\u0101matas par senioriem, ko las\u012bt kop\u0101 ar b\u0113rniem<\/a><\/p>\n","protected":false},"excerpt":{"rendered":"Foto: R\u012bta kafija Ceturtdien\u00a0un\u00a0piektdien, 2. un 3. oktobr\u012b,\u00a0debes\u012bs b\u016bs main\u012bgs m\u0101ko\u0146u daudzums. Dienas aizrit\u0113s bez iev\u0113rojamiem nokri\u0161\u0146iem. P\u016bt\u012bs&hellip;\n","protected":false},"author":2,"featured_media":10904,"comment_status":"","ping_status":"","sticky":false,"template":"","format":"standard","meta":{"footnotes":""},"categories":[5],"tags":[23,28,29,32,33,3375,22,152,396,3376,30,31,35,39,38,36,37,34,40,20,26,27,3377,24,25,3378,21],"class_list":{"0":"post-10903","1":"post","2":"type-post","3":"status-publish","4":"format-standard","5":"has-post-thumbnail","7":"category-aktualitates","8":"tag-aktualitates","9":"tag-breaking-news","10":"tag-breakingnews","11":"tag-featured-news","12":"tag-featurednews","13":"tag-geologijas-un-meteorologijas-centrs","14":"tag-headlines","15":"tag-laika-prognoze","16":"tag-laika-zinas","17":"tag-laiks-brivdienas","18":"tag-latest-news","19":"tag-latestnews","20":"tag-latvia","21":"tag-latvian","22":"tag-latviesu","23":"tag-latviesu-valoda","24":"tag-latviesuvaloda","25":"tag-latvija","26":"tag-lv","27":"tag-news","28":"tag-popularakas-zinas","29":"tag-popularakaszinas","30":"tag-sinoptiki","31":"tag-top-stories","32":"tag-topstories","33":"tag-vides","34":"tag-zinas"},"share_on_mastodon":{"url":"","error":""},"_links":{"self":[{"href":"https:\/\/www.europesays.com\/lv\/wp-json\/wp\/v2\/posts\/10903","targetHints":{"allow":["GET"]}}],"collection":[{"href":"https:\/\/www.europesays.com\/lv\/wp-json\/wp\/v2\/posts"}],"about":[{"href":"https:\/\/www.europesays.com\/lv\/wp-json\/wp\/v2\/types\/post"}],"author":[{"embeddable":true,"href":"https:\/\/www.europesays.com\/lv\/wp-json\/wp\/v2\/users\/2"}],"replies":[{"embeddable":true,"href":"https:\/\/www.europesays.com\/lv\/wp-json\/wp\/v2\/comments?post=10903"}],"version-history":[{"count":0,"href":"https:\/\/www.europesays.com\/lv\/wp-json\/wp\/v2\/posts\/10903\/revisions"}],"wp:featuredmedia":[{"embeddable":true,"href":"https:\/\/www.europesays.com\/lv\/wp-json\/wp\/v2\/media\/10904"}],"wp:attachment":[{"href":"https:\/\/www.europesays.com\/lv\/wp-json\/wp\/v2\/media?parent=10903"}],"wp:term":[{"taxonomy":"category","embeddable":true,"href":"https:\/\/www.europesays.com\/lv\/wp-json\/wp\/v2\/categories?post=10903"},{"taxonomy":"post_tag","embeddable":true,"href":"https:\/\/www.europesays.com\/lv\/wp-json\/wp\/v2\/tags?post=10903"}],"curies":[{"name":"wp","href":"https:\/\/api.w.org\/{rel}","templated":true}]}}