{"id":109050,"date":"2026-01-20T04:38:08","date_gmt":"2026-01-20T04:38:08","guid":{"rendered":"https:\/\/www.europesays.com\/lv\/109050\/"},"modified":"2026-01-20T04:38:08","modified_gmt":"2026-01-20T04:38:08","slug":"rfs-nosledz-ilgtermina-ligumu-ar-izlases-aizsargu-veipu","status":"publish","type":"post","link":"https:\/\/www.europesays.com\/lv\/109050\/","title":{"rendered":"RFS nosl\u0113dz ilgtermi\u0146a l\u012bgumu ar izlases aizsargu Veipu"},"content":{"rendered":"<p>L\u012bgums ar 25 gadus veco Latvijas izlases aizsargu nosl\u0113gts l\u012bdz 2028. gada sezonas beig\u0101m.<\/p>\n<p>Pag\u0101ju\u0161o sezonu Veips s\u0101ka &#8220;Jelgava&#8221; rind\u0101s, bet j\u016blija s\u0101kum\u0101 tika iz\u012br\u0113ts <a href=\"https:\/\/sports.tvnet.lv\/term\/688545\/rfs\" class=\"topicLink\" target=\"_blank\" rel=\"nofollow noopener\">RFS<\/a>, kuras rind\u0101s aizvad\u012bja 15 sp\u0113les un guva vienus v\u0101rtus. Laukum\u0101 vi\u0146\u0161 dev\u0101s ar\u012b UEFA \u010cempionu l\u012bgas un Eiropas l\u012bgas kvalifik\u0101cij\u0101.<\/p>\n<p>K\u0101 v\u0113sta RFS, tika izmantota \u012bres l\u012bgum\u0101 paredz\u0113ta iesp\u0113ja ieg\u0101d\u0101ties Veipu par transf\u0113ra maksu. T\u0101s apm\u0113rs netiek zi\u0146ots.<\/p>\n<p>Aizvad\u012btaj\u0101 sezon\u0101 Veips tika izsaukts ar\u012b uz Latvijas izlasi, kur oktobr\u012b piedz\u012bvoja debiju un kopum\u0101 aizvad\u012bja \u010detrus ma\u010dus.<\/p>\n<p>&#8220;Skonto&#8221; akad\u0113mijas audz\u0113knis karjeras s\u0101kum\u0101 vair\u0101kus gadus pavad\u012bja It\u0101lij\u0101, p\u0101rst\u0101vot &#8220;Sampdoria&#8221; un &#8220;Ambrosiana&#8221; komandas, bet 2021. gad\u0101 atgriez\u0101s Latvij\u0101 un pievienoj\u0101s &#8220;Auda&#8221;. N\u0101kam\u0101s tr\u012bs sezonas vi\u0146\u0161 p\u0101rst\u0101v\u0113ja &#8220;Valmieru&#8221;, ar kuru 2022. gad\u0101 k\u013cuva par Latvijas \u010dempionu.<\/p>\n<p>RFS aizvad\u012btaj\u0101 sezon\u0101 Latvijas virsl\u012bg\u0101 ie\u0146\u0113ma otro vietu, no uzvar\u0113t\u0101jas &#8220;Riga&#8221; atpaliekot vienu punktu.<\/p>\n","protected":false},"excerpt":{"rendered":"L\u012bgums ar 25 gadus veco Latvijas izlases aizsargu nosl\u0113gts l\u012bdz 2028. gada sezonas beig\u0101m. Pag\u0101ju\u0161o sezonu Veips s\u0101ka&hellip;\n","protected":false},"author":2,"featured_media":109051,"comment_status":"","ping_status":"","sticky":false,"template":"","format":"standard","meta":{"footnotes":""},"categories":[17],"tags":[713,35,39,38,36,37,34,40,1422,25873,67],"class_list":{"0":"post-109050","1":"post","2":"type-post","3":"status-publish","4":"format-standard","5":"has-post-thumbnail","7":"category-sports","8":"tag-futbola-virsliga","9":"tag-latvia","10":"tag-latvian","11":"tag-latviesu","12":"tag-latviesu-valoda","13":"tag-latviesuvaloda","14":"tag-latvija","15":"tag-lv","16":"tag-rfs","17":"tag-roberts-veips","18":"tag-sports"},"share_on_mastodon":{"url":"https:\/\/pubeurope.com\/@lv\/115925581994265202","error":""},"_links":{"self":[{"href":"https:\/\/www.europesays.com\/lv\/wp-json\/wp\/v2\/posts\/109050","targetHints":{"allow":["GET"]}}],"collection":[{"href":"https:\/\/www.europesays.com\/lv\/wp-json\/wp\/v2\/posts"}],"about":[{"href":"https:\/\/www.europesays.com\/lv\/wp-json\/wp\/v2\/types\/post"}],"author":[{"embeddable":true,"href":"https:\/\/www.europesays.com\/lv\/wp-json\/wp\/v2\/users\/2"}],"replies":[{"embeddable":true,"href":"https:\/\/www.europesays.com\/lv\/wp-json\/wp\/v2\/comments?post=109050"}],"version-history":[{"count":0,"href":"https:\/\/www.europesays.com\/lv\/wp-json\/wp\/v2\/posts\/109050\/revisions"}],"wp:featuredmedia":[{"embeddable":true,"href":"https:\/\/www.europesays.com\/lv\/wp-json\/wp\/v2\/media\/109051"}],"wp:attachment":[{"href":"https:\/\/www.europesays.com\/lv\/wp-json\/wp\/v2\/media?parent=109050"}],"wp:term":[{"taxonomy":"category","embeddable":true,"href":"https:\/\/www.europesays.com\/lv\/wp-json\/wp\/v2\/categories?post=109050"},{"taxonomy":"post_tag","embeddable":true,"href":"https:\/\/www.europesays.com\/lv\/wp-json\/wp\/v2\/tags?post=109050"}],"curies":[{"name":"wp","href":"https:\/\/api.w.org\/{rel}","templated":true}]}}