{"id":109052,"date":"2026-01-20T04:41:07","date_gmt":"2026-01-20T04:41:07","guid":{"rendered":"https:\/\/www.europesays.com\/lv\/109052\/"},"modified":"2026-01-20T04:41:07","modified_gmt":"2026-01-20T04:41:07","slug":"par-ecb-valdes-priekssedetaja-vietnieku-nolemj-virzit-vujcicu-dienas-bizness","status":"publish","type":"post","link":"https:\/\/www.europesays.com\/lv\/109052\/","title":{"rendered":"Par ECB valdes priek\u0161s\u0113d\u0113t\u0101ja vietnieku nolemj virz\u012bt Vuj\u010di\u010du :: Dienas Bizness"},"content":{"rendered":"<p class=\"text-font font-size--text-xlarge margin-3--bottom font-weight--bold padding-1--top\">Eirogrupas san\u0101ksm\u0113 pirmdien pan\u0101kta vieno\u0161an\u0101s par Eiropas Centr\u0101l\u0101s bankas (ECB) valdes priek\u0161s\u0113d\u0113t\u0101ja vietnieka kandid\u0101tu virz\u012bt Horv\u0101tijas Bankas vad\u012bt\u0101ju Borisu Vuj\u010di\u010du, inform\u0113ja Finan\u0161u ministrij\u0101.<\/p>\n<p class=\"text-font font-size--text-xlarge margin-3--bottom\">Finan\u0161u ministrs Arvils A\u0161eradens (JV) a\u0123ent\u016brai LETA sac\u012bja, ka Eirogrupas san\u0101ksm\u0113 par kandid\u0101tiem bija tr\u012bs balso\u0161anas k\u0101rtas un Latvijas Bankas prezidents M\u0101rti\u0146\u0161 Kaz\u0101ks kop\u0101 ar Portug\u0101les biju\u0161o finan\u0161u ministru M\u0101riu Sent\u0113nu izst\u0101j\u0101s otraj\u0101 balso\u0161anas k\u0101rt\u0101. P\u0113d\u0113j\u0101 k\u0101rt\u0101 balso\u0161ana notika par Vuj\u010di\u010du un Somijas Bankas vad\u012bt\u0101ju Olli R\u0113nu.<\/p>\n<p class=\"text-font font-size--text-xlarge margin-3--bottom\">Jaut\u0101ts, vai Latvija Kaz\u0101ka kandidat\u016bru virz\u012bs v\u0113l uz k\u0101du amatu ECB, \u0146emot v\u0113r\u0101, ka tuv\u0101k\u0101 gada laik\u0101 tur b\u016bs pieejamas v\u0113l da\u017eas vakances, A\u0161eradens sac\u012bja, ka tas atkar\u012bgs no pa\u0161a Kaz\u0101ka nost\u0101jas. Vienlaikus A\u0161eradens piebilda, ka, vi\u0146apr\u0101t, Kaz\u0101ks uz \u0161o amatu &#8220;start\u0113jis \u013coti cien\u012bjami&#8221;.<\/p>\n<p class=\"text-font font-size--text-xlarge margin-3--bottom\">Kaz\u0101ks tviter\u012b izsaka pateic\u012bbu par iesp\u0113ju paust viedokli saist\u012bb\u0101 ar eirozonas finan\u0161u sektora att\u012bst\u012bbu. Vi\u0146\u0161 ar\u012b v\u0113l Vuj\u010di\u010dam veiksmi un nor\u0101da, ka gaida sadarbo\u0161anos ECB Padom\u0113, risinot \u0161os jaut\u0101jumus.<\/p>\n<p class=\"text-font font-size--text-xlarge margin-3--bottom\">Iepriek\u0161 Ekonomikas un monet\u0101r\u0101s komitejas locek\u013ci r\u012bkoja neform\u0101lu viedok\u013cu apmai\u0146u ar se\u0161iem izvirz\u012btajiem ECB viceprezidenta kandid\u0101tiem, un nomin\u0113ja Latvijas Bankas pa\u0161reiz\u0113jo prezidentu Kaz\u0101ku un Portug\u0101les biju\u0161o finan\u0161u ministru M\u0101riu Sent\u0113nu.<\/p>\n<p class=\"text-font font-size--text-xlarge margin-3--bottom\">Kopum\u0101 uz \u0161o n\u0101kamo ECB viceprezidenta amatu kandid\u0113ja Kaz\u0101ks, Sent\u0113nu, Igaunijas Bankas vad\u012bt\u0101ju Madis Millers, Somijas Bankas vad\u012bt\u0101ju Olli R\u0113ns, biju\u0161ais Lietuvas finan\u0161u ministrs Rimants \u0160ad\u017eus un Vuj\u010di\u010ds.<\/p>\n<p class=\"text-font font-size--text-xlarge margin-3--bottom\">Gala l\u0113mumu par n\u0101kamo ECB viceprezidentu mart\u0101 pie\u0146ems Eiropas Savien\u012bbas (ES) l\u012bderi.<\/p>\n<p class=\"text-font font-size--text-xlarge margin-3--bottom\">ECB vald\u0113 l\u012bdz 2027. gada beig\u0101m, \u0146emot v\u0113r\u0101 eso\u0161o valdes locek\u013cu pilnvaru laikus, b\u016bs j\u0101p\u0101rv\u0113l\u0113 \u010detri valdes locek\u013ci, tostarp valdes priek\u0161s\u0113d\u0113t\u0101js un valdes priek\u0161s\u0113d\u0113t\u0101ja vietnieks.<\/p>\n<p class=\"text-font font-size--text-xlarge margin-3--bottom\">Eso\u0161\u0101 ECB viceprezidenta Luisa de Gindosa pilnvaru termi\u0146\u0161 beigsies 2026. gada 31. maij\u0101, t\u0101p\u0113c Latvijai bija iesp\u0113ja izvirz\u012bt savu kandid\u0101tu \u0161im amatam.<\/p>\n<p class=\"text-font font-size--text-xlarge margin-3--bottom\">ECB prezidentes Krist\u012bnes Lagardas pilnvaru termi\u0146\u0161 beigsies 2027. gad\u0101.<\/p>\n<p class=\"text-font font-size--text-xlarge margin-3--bottom\">Gaid\u0101m\u0101s izmai\u0146as ECB vald\u0113 piev\u0113rsu\u0161as pastiprin\u0101tu uzman\u012bbu l\u012bdzsvaram \u0161aj\u0101 instit\u016bcij\u0101. Zi\u0146u a\u0123ent\u016bra &#8220;Reuters&#8221; nor\u0101da, ka v\u0113sturiski vald\u0113 domin\u0113 v\u012brie\u0161i no eirozonas liel\u0101kaj\u0101m valst\u012bm &#8211; Francijas, V\u0101cijas, It\u0101lijas un Sp\u0101nijas. Kop\u0161 ECB izveides 1998. gad\u0101 neviena no valst\u012bm, kas agr\u0101k atrad\u0101s Padomju Savien\u012bbas j\u016bg\u0101, nav ie\u0146\u0113musi vietu vald\u0113. &#8220;Reuters&#8221; ar\u012b nor\u0101da, ka kop\u0161 ECB izveides tikai 19% valdes locek\u013cu biju\u0161as sievietes.<\/p>\n<p class=\"text-font font-size--text-xlarge margin-3--bottom\">Vald\u012bb\u0101m viceprezidenta amats ir ar\u012b iesp\u0113ja vairot savu ietekmi eirozonas iest\u0101d\u0113s. T\u0101 k\u0101 2027. gad\u0101 ir paredz\u0113tas izmai\u0146as augst\u0101kajos amatos, vair\u0101ku valstu vald\u012bbas \u0161ogad pie\u0146emto l\u0113mumu uzskata par agr\u012bnu iez\u012bmi ilg\u0101k\u0101 c\u012b\u0146\u0101 par ietekmi.<\/p>\n<p class=\"text-font font-size--text-xlarge margin-3--bottom\">Finan\u0161u ministrija (FM) iepriek\u0161 nor\u0101d\u012bja, ka Kaz\u0101ks ir starptautiski atz\u012bts makroekonomists ar pla\u0161u profesion\u0101lo pieredzi monet\u0101raj\u0101 politik\u0101, finan\u0161u stabilit\u0101t\u0113 un banku sektor\u0101, un vi\u0146a izvirz\u012b\u0161ana b\u016btiski stiprin\u0101tu Latvijas p\u0101rst\u0101vniec\u012bbu ES instit\u016bcij\u0101s.<\/p>\n<p class=\"text-font font-size--text-xlarge margin-3--bottom\">FM nor\u0101da, ka Kaz\u0101ks atbilst vis\u0101m L\u012bguma par ES darb\u012bbu pras\u012bb\u0101m amatam, tostarp vi\u0146am ir nevainojama reput\u0101cija un izcila profesion\u0101l\u0101 kvalifik\u0101cija monet\u0101ro un banku jaut\u0101jumu jom\u0101.<\/p>\n<p class=\"text-font font-size--text-xlarge margin-3--bottom\">FM skaidro, ka ECB viceprezidents ir viens no centr\u0101lajiem amatiem Eiropas ekonomiskaj\u0101 un finan\u0161u sist\u0113m\u0101. Vietnieks \u012bsteno eirozonas monet\u0101ro politiku, piedal\u0101s l\u0113mumu pie\u0146em\u0161an\u0101 par banku uzraudz\u012bbu, p\u0101rst\u0101v ECB starptautiskajos form\u0101tos, k\u0101 ar\u012b ir atbild\u012bgs par makroprudenci\u0101lo politiku un finan\u0161u stabilit\u0101ti.<\/p>\n<p class=\"text-font font-size--text-xlarge margin-3--bottom\">Jau zi\u0146ots, ka Kaz\u0101ks Latvijas Bankas prezidenta amat\u0101 uz otro termi\u0146u 2025. gada febru\u0101r\u012b tika iev\u0113l\u0113ts tikai ar otro pieg\u0101jienu. Pirmaj\u0101 k\u0101rt\u0101 Kaz\u0101ku politisko intrigu rezult\u0101t\u0101 nep\u0101rv\u0113l\u0113ja.<\/p>\n","protected":false},"excerpt":{"rendered":"Eirogrupas san\u0101ksm\u0113 pirmdien pan\u0101kta vieno\u0161an\u0101s par Eiropas Centr\u0101l\u0101s bankas (ECB) valdes priek\u0161s\u0113d\u0113t\u0101ja vietnieka kandid\u0101tu virz\u012bt Horv\u0101tijas Bankas vad\u012bt\u0101ju&hellip;\n","protected":false},"author":2,"featured_media":109053,"comment_status":"","ping_status":"","sticky":false,"template":"","format":"standard","meta":{"footnotes":""},"categories":[12],"tags":[23,869,77,870,28,29,867,32,33,22,30,31,35,39,38,36,37,34,871,868,40,20,26,27,24,25,21],"class_list":{"0":"post-109052","1":"post","2":"type-post","3":"status-publish","4":"format-standard","5":"has-post-thumbnail","7":"category-latvija","8":"tag-aktualitates","9":"tag-biznesa-zinas","10":"tag-bizness","11":"tag-bizness-latvija","12":"tag-breaking-news","13":"tag-breakingnews","14":"tag-dienas-zinas","15":"tag-featured-news","16":"tag-featurednews","17":"tag-headlines","18":"tag-latest-news","19":"tag-latestnews","20":"tag-latvia","21":"tag-latvian","22":"tag-latviesu","23":"tag-latviesu-valoda","24":"tag-latviesuvaloda","25":"tag-latvija","26":"tag-latvijas-biznesa-zinas","27":"tag-latvijas-zinas","28":"tag-lv","29":"tag-news","30":"tag-popularakas-zinas","31":"tag-popularakaszinas","32":"tag-top-stories","33":"tag-topstories","34":"tag-zinas"},"share_on_mastodon":{"url":"https:\/\/pubeurope.com\/@lv\/115925593784778199","error":""},"_links":{"self":[{"href":"https:\/\/www.europesays.com\/lv\/wp-json\/wp\/v2\/posts\/109052","targetHints":{"allow":["GET"]}}],"collection":[{"href":"https:\/\/www.europesays.com\/lv\/wp-json\/wp\/v2\/posts"}],"about":[{"href":"https:\/\/www.europesays.com\/lv\/wp-json\/wp\/v2\/types\/post"}],"author":[{"embeddable":true,"href":"https:\/\/www.europesays.com\/lv\/wp-json\/wp\/v2\/users\/2"}],"replies":[{"embeddable":true,"href":"https:\/\/www.europesays.com\/lv\/wp-json\/wp\/v2\/comments?post=109052"}],"version-history":[{"count":0,"href":"https:\/\/www.europesays.com\/lv\/wp-json\/wp\/v2\/posts\/109052\/revisions"}],"wp:featuredmedia":[{"embeddable":true,"href":"https:\/\/www.europesays.com\/lv\/wp-json\/wp\/v2\/media\/109053"}],"wp:attachment":[{"href":"https:\/\/www.europesays.com\/lv\/wp-json\/wp\/v2\/media?parent=109052"}],"wp:term":[{"taxonomy":"category","embeddable":true,"href":"https:\/\/www.europesays.com\/lv\/wp-json\/wp\/v2\/categories?post=109052"},{"taxonomy":"post_tag","embeddable":true,"href":"https:\/\/www.europesays.com\/lv\/wp-json\/wp\/v2\/tags?post=109052"}],"curies":[{"name":"wp","href":"https:\/\/api.w.org\/{rel}","templated":true}]}}