{"id":109081,"date":"2026-01-20T05:39:07","date_gmt":"2026-01-20T05:39:07","guid":{"rendered":"https:\/\/www.europesays.com\/lv\/109081\/"},"modified":"2026-01-20T05:39:07","modified_gmt":"2026-01-20T05:39:07","slug":"datu-centri-2026-gada-pateres-70-pasaules-atminas-tas-radis-deficitu-auto-un-elektronikas-razosana-lente-lv","status":"publish","type":"post","link":"https:\/\/www.europesays.com\/lv\/109081\/","title":{"rendered":"Datu centri 2026. gad\u0101 pat\u0113r\u0113s 70% pasaules atmi\u0146as \u2013 tas rad\u012bs defic\u012btu auto un elektronikas ra\u017eo\u0161an\u0101\u00a0\u2014\u00a0Lente.lv"},"content":{"rendered":"<p>Datu centru piepras\u012bjums veido atmi\u0146as tr\u016bkumu<\/p>\n<p>Tehnolo\u0123iju mediji jau m\u0113ne\u0161iem br\u012bdina par operat\u012bv\u0101s atmi\u0146as, SSD un cieto disku tr\u016bkumu. Galvenais \u0161\u012bs probl\u0113mu dzenulis ir strauji augo\u0161ais piepras\u012bjums p\u0113c MI risin\u0101jumiem. Saska\u0146\u0101 ar jaunu zi\u0146ojumu, l\u012bdz 2026. gadam datu centri pat\u0113r\u0113s l\u012bdz pat 70% no pasaul\u0113 sara\u017eot\u0101s atmi\u0146as. Situ\u0101cija strauji att\u012bst\u0101s, un &#8220;The Wall Street Journal&#8221; (WSJ) detaliz\u0113ti apraksta, cik kritisks ir k\u013cuvis atmi\u0146as defic\u012bts un k\u0101 t\u0101 sekas izplat\u012bsies t\u0101lu \u0101rpus IT nozares.<\/p>\n<p>Sekas sniedzas t\u0101l\u0101k par IT nozari<\/p>\n<p>WSJ br\u012bdina, ka atmi\u0146as piepras\u012bjuma eksponenci\u0101lais pieaugums gandr\u012bz garant\u0113ti ietekm\u0113s automobi\u013cu r\u016bpniec\u012bbu, televizoru ra\u017eo\u0161anu un pla\u0161a pat\u0113ri\u0146a elektroniku. Publik\u0101cija pat sal\u012bdzina situ\u0101ciju automobi\u013cu ra\u017eo\u0161an\u0101 ar ra\u017eo\u0161anas aizkav\u0113\u0161anos Covid-19 pand\u0113mijas laik\u0101 \u2013 pieredzi, ko nozare \u013coti labi atceras. Lai gan automa\u0161\u012bn\u0101s un vairum\u0101 sadz\u012bves ier\u012b\u010du tiek izmantoti sal\u012bdzino\u0161i veci atmi\u0146as veidi, RAM ra\u017eot\u0101ji jau ir samazin\u0101ju\u0161i vai piln\u012bb\u0101 p\u0101rtrauku\u0161i novecoju\u0161u mikrosh\u0113mu ra\u017eo\u0161anu.<\/p>\n<p>Ra\u017eot\u0101ju prognozes: piepras\u012bjums p\u0101rsniedz pied\u0101v\u0101jumu<\/p>\n<p>Anal\u012bti\u0137is no &#8220;Counterpoint Research&#8221; MS Hwang situ\u0101ciju raksturo bez liekul\u012bbas: &#8220;Jums j\u0101p\u0113rk lidma\u0161\u012bnas bi\u013cete un nekav\u0113joties j\u0101izsit kvotas no ra\u017eot\u0101jiem.&#8221; P\u0113c vi\u0146a teikt\u0101, ra\u017eo\u0161anas jaudas jau ir izp\u0101rdotas l\u012bdz pat 2028. gadam, nemaz nerun\u0101jot par pa\u0161reiz\u0113jo gadu. Operat\u012bv\u0101 atmi\u0146a m\u016bsdien\u0101s tiek izmantota gandr\u012bz visur. T\u0101p\u0113c pat televizori, Bluetooth ska\u013cru\u0146i, digit\u0101l\u0101s pier\u012bces, &#8220;gudr\u0101s&#8221; ledusskapji un cita tehnika var iev\u0113rojami sad\u0101rdzin\u0101ties. Mar\u017ea \u0161ajos segmentos ir minim\u0101la, un vienas galven\u0101s sast\u0101vda\u013cas cenas strauj\u0161 pieaugums noz\u012bm\u0113 vai nu zaud\u0113jumus ra\u017eot\u0101jiem, vai izdevumu p\u0101rcel\u0161anu uz pirc\u0113jiem \u2013 ar nosac\u012bjumu, ka atmi\u0146u visp\u0101r izdosies ieg\u0101d\u0101ties.<\/p>\n<p>At\u0161\u0137ir\u012bb\u0101 no pag\u0101tnes, probl\u0113ma nav \u012bslaic\u012bga<\/p>\n<p>At\u0161\u0137ir\u012bb\u0101 no ierastajiem komponentu cenu sv\u0101rst\u012bb\u0101m, \u0161oreiz probl\u0113ma ne\u0161\u0137iet \u012bslaic\u012bga. Hwang prognoz\u0113, ka RAM var\u0113tu veidot l\u012bdz pat 10% no vairuma elektronikas ier\u012b\u010du v\u0113rt\u012bbas un l\u012bdz 30% no viedt\u0101lru\u0146u pa\u0161izmaksas. &#8220;IDC&#8221; jau ir atjaunin\u0101jis savu prognozi 2026. gadam: viedt\u0101lru\u0146u p\u0101rdo\u0161anas var\u0113tu samazin\u0101ties par 5%, bet person\u0101lo datoru \u2013 par 9%. Uz\u0146\u0113mums pa\u0161reiz\u0113jo situ\u0101ciju raksturo k\u0101 &#8220;past\u0101v\u012bgu ra\u017eo\u0161anas jaudu p\u0101rdal\u012b\u0161anu&#8221; par labu MI datu centriem.<\/p>\n<p>Situ\u0101cija ir nepieredz\u0113ta<\/p>\n<p>Anal\u012bti\u0137e no &#8220;TrendForce&#8221; Avril Wu piekr\u012bt: &#8220;Es sekoju atmi\u0146as tirgum gandr\u012bz 20 gadus, un \u0161oreiz viss ir patie\u0161\u0101m cit\u0101di&#8230; Tas ir pats trak\u0101kais periods vis\u0101 laik\u0101.&#8221;<\/p>\n","protected":false},"excerpt":{"rendered":"Datu centru piepras\u012bjums veido atmi\u0146as tr\u016bkumu Tehnolo\u0123iju mediji jau m\u0113ne\u0161iem br\u012bdina par operat\u012bv\u0101s atmi\u0146as, SSD un cieto disku&hellip;\n","protected":false},"author":2,"featured_media":109082,"comment_status":"","ping_status":"","sticky":false,"template":"","format":"standard","meta":{"footnotes":""},"categories":[16],"tags":[16946,77,76,769,25880,7628,35,39,38,36,37,34,40,87],"class_list":{"0":"post-109081","1":"post","2":"type-post","3":"status-publish","4":"format-standard","5":"has-post-thumbnail","7":"category-bizness","8":"tag-atminas-deficits","9":"tag-bizness","10":"tag-business","11":"tag-datu-centri","12":"tag-elektronikas-razosana","13":"tag-komponentu-cenas","14":"tag-latvia","15":"tag-latvian","16":"tag-latviesu","17":"tag-latviesu-valoda","18":"tag-latviesuvaloda","19":"tag-latvija","20":"tag-lv","21":"tag-maksligais-intelekts"},"share_on_mastodon":{"url":"https:\/\/pubeurope.com\/@lv\/115925821868172869","error":""},"_links":{"self":[{"href":"https:\/\/www.europesays.com\/lv\/wp-json\/wp\/v2\/posts\/109081","targetHints":{"allow":["GET"]}}],"collection":[{"href":"https:\/\/www.europesays.com\/lv\/wp-json\/wp\/v2\/posts"}],"about":[{"href":"https:\/\/www.europesays.com\/lv\/wp-json\/wp\/v2\/types\/post"}],"author":[{"embeddable":true,"href":"https:\/\/www.europesays.com\/lv\/wp-json\/wp\/v2\/users\/2"}],"replies":[{"embeddable":true,"href":"https:\/\/www.europesays.com\/lv\/wp-json\/wp\/v2\/comments?post=109081"}],"version-history":[{"count":0,"href":"https:\/\/www.europesays.com\/lv\/wp-json\/wp\/v2\/posts\/109081\/revisions"}],"wp:featuredmedia":[{"embeddable":true,"href":"https:\/\/www.europesays.com\/lv\/wp-json\/wp\/v2\/media\/109082"}],"wp:attachment":[{"href":"https:\/\/www.europesays.com\/lv\/wp-json\/wp\/v2\/media?parent=109081"}],"wp:term":[{"taxonomy":"category","embeddable":true,"href":"https:\/\/www.europesays.com\/lv\/wp-json\/wp\/v2\/categories?post=109081"},{"taxonomy":"post_tag","embeddable":true,"href":"https:\/\/www.europesays.com\/lv\/wp-json\/wp\/v2\/tags?post=109081"}],"curies":[{"name":"wp","href":"https:\/\/api.w.org\/{rel}","templated":true}]}}