{"id":109085,"date":"2026-01-20T05:47:06","date_gmt":"2026-01-20T05:47:06","guid":{"rendered":"https:\/\/www.europesays.com\/lv\/109085\/"},"modified":"2026-01-20T05:47:06","modified_gmt":"2026-01-20T05:47:06","slug":"latvija-sals-lidz-25-gradiem-atkusnis-netiek-gaidits","status":"publish","type":"post","link":"https:\/\/www.europesays.com\/lv\/109085\/","title":{"rendered":"Latvij\u0101 sals l\u012bdz \u201325 gr\u0101diem, atkusnis netiek gaid\u012bts &#8211;"},"content":{"rendered":"<p style=\"text-align: justify;\">Otrdiena b\u016bs saulaina, tom\u0113r palaikam debesis aizkl\u0101s ar\u012b m\u0101ko\u0146i, bet nokri\u0161\u0146i nav gaid\u0101mi.<\/p>\n<p style=\"text-align: justify;\">P\u016b\u0161ot l\u0113nam v\u0113jam, viet\u0101m veidosies migla, kas pasliktin\u0101s redzam\u012bbu. Nakt\u012b teritorijas liel\u0101kaj\u0101 da\u013c\u0101 gaiss atdzis\u012bs l\u012bdz -13\u2026-18 gr\u0101diem, piekrast\u0113 b\u016bs nedaudz silt\u0101k, austrumu, viet\u0101m ar\u012b centr\u0101lajos rajonos k\u013c\u016bs v\u0113l aukst\u0101k \u2013 tur l\u012bdz -20\u2026-24 gr\u0101diem. Dien\u0101 termometra stabi\u0146\u0161 pak\u0101psies l\u012bdz -9\u2026-14 gr\u0101diem, bet rietumos un daudzviet piekrast\u0113 l\u012bdz -4\u2026-8 gr\u0101diem.<\/p>\n<p style=\"text-align: justify;\">Tre\u0161dien un ceturtdien m\u0101ko\u0146u daudzums palielin\u0101sies, tikai viet\u0101m starp tiem izsprauksies k\u0101ds saules stars, nor\u0101da sinopti\u0137i.<\/p>\n<p style=\"text-align: justify;\">Tre\u0161dien r\u012bta stundas un priek\u0161pusdien\u0101 zieme\u013caustrumu rajonos nedaudz uzsnigs, bet ceturtdien laiks b\u016bs sauss. Nakt\u012b uz tre\u0161dienu v\u0113j\u0161 turpin\u0101s p\u016bst l\u0113ni, bet dienas laik\u0101 tas iegriez\u012bsies no austrumiem, zieme\u013caustrumiem un p\u016bt\u012bs l\u0113ni l\u012bdz m\u0113reni un Kurzemes piekrast\u0113 br\u0101zm\u0101s sasniegs 15-16 m\/s.<\/p>\n<p style=\"text-align: justify;\">Nakt\u012b uz tre\u0161dienu gaisa temperat\u016bra sv\u0101rst\u012bsies no -4\u2026-9 gr\u0101diem zieme\u013crietumu rajonos l\u012bdz -20\u2026-25 gr\u0101diem dienvidaustrumu rajonos, bet diennakts gai\u0161aj\u0101 stundas gaiss iesils l\u012bdz -8\u2026-13 gr\u0101diem, zieme\u013crietumu rajonos b\u016bs nedaudz silt\u0101k \u2013 tur -2\u2026-7 gr\u0101di. Ceturtdien b\u016bs par p\u0101ris gr\u0101diem silt\u0101k.<\/p>\n<p style=\"text-align: justify;\">Ned\u0113\u013cas izska\u0146\u0101 austrumu v\u0113ji Latvijas teritorij\u0101 turpin\u0101s ienest auksto gaisu, t\u0101d\u0113\u013c atkusnis tuv\u0101k\u0101s ned\u0113\u013cas laik\u0101 netiek gaid\u012bts.<\/p>\n","protected":false},"excerpt":{"rendered":"Otrdiena b\u016bs saulaina, tom\u0113r palaikam debesis aizkl\u0101s ar\u012b m\u0101ko\u0146i, bet nokri\u0161\u0146i nav gaid\u0101mi. P\u016b\u0161ot l\u0113nam v\u0113jam, viet\u0101m veidosies&hellip;\n","protected":false},"author":2,"featured_media":109086,"comment_status":"","ping_status":"","sticky":false,"template":"","format":"standard","meta":{"footnotes":""},"categories":[12],"tags":[23,25881,20696,25882,28,29,32,33,22,8101,397,30,31,35,39,38,36,37,34,40,10715,20,26,27,25433,25883,3377,25884,24,25,25885,21],"class_list":{"0":"post-109085","1":"post","2":"type-post","3":"status-publish","4":"format-standard","5":"has-post-thumbnail","7":"category-latvija","8":"tag-aktualitates","9":"tag-atkusnis-nav-gaidams","10":"tag-aukstums","11":"tag-austrumu-vejs","12":"tag-breaking-news","13":"tag-breakingnews","14":"tag-featured-news","15":"tag-featurednews","16":"tag-headlines","17":"tag-laika-prognoze-latvija","18":"tag-laikapstakli","19":"tag-latest-news","20":"tag-latestnews","21":"tag-latvia","22":"tag-latvian","23":"tag-latviesu","24":"tag-latviesu-valoda","25":"tag-latviesuvaloda","26":"tag-latvija","27":"tag-lv","28":"tag-migla","29":"tag-news","30":"tag-popularakas-zinas","31":"tag-popularakaszinas","32":"tag-sals-latvija","33":"tag-sals-lidz-25","34":"tag-sinoptiki","35":"tag-svarigi","36":"tag-top-stories","37":"tag-topstories","38":"tag-ziema-latvija","39":"tag-zinas"},"share_on_mastodon":{"url":"https:\/\/pubeurope.com\/@lv\/115925853303856470","error":""},"_links":{"self":[{"href":"https:\/\/www.europesays.com\/lv\/wp-json\/wp\/v2\/posts\/109085","targetHints":{"allow":["GET"]}}],"collection":[{"href":"https:\/\/www.europesays.com\/lv\/wp-json\/wp\/v2\/posts"}],"about":[{"href":"https:\/\/www.europesays.com\/lv\/wp-json\/wp\/v2\/types\/post"}],"author":[{"embeddable":true,"href":"https:\/\/www.europesays.com\/lv\/wp-json\/wp\/v2\/users\/2"}],"replies":[{"embeddable":true,"href":"https:\/\/www.europesays.com\/lv\/wp-json\/wp\/v2\/comments?post=109085"}],"version-history":[{"count":0,"href":"https:\/\/www.europesays.com\/lv\/wp-json\/wp\/v2\/posts\/109085\/revisions"}],"wp:featuredmedia":[{"embeddable":true,"href":"https:\/\/www.europesays.com\/lv\/wp-json\/wp\/v2\/media\/109086"}],"wp:attachment":[{"href":"https:\/\/www.europesays.com\/lv\/wp-json\/wp\/v2\/media?parent=109085"}],"wp:term":[{"taxonomy":"category","embeddable":true,"href":"https:\/\/www.europesays.com\/lv\/wp-json\/wp\/v2\/categories?post=109085"},{"taxonomy":"post_tag","embeddable":true,"href":"https:\/\/www.europesays.com\/lv\/wp-json\/wp\/v2\/tags?post=109085"}],"curies":[{"name":"wp","href":"https:\/\/api.w.org\/{rel}","templated":true}]}}