{"id":10912,"date":"2025-10-02T22:21:22","date_gmt":"2025-10-02T22:21:22","guid":{"rendered":"https:\/\/www.europesays.com\/lv\/10912\/"},"modified":"2025-10-02T22:21:22","modified_gmt":"2025-10-02T22:21:22","slug":"12-x-imanta-kalnina-dziesmu-stasts-vini-dejoja-vienu-vasaru-ulbroka","status":"publish","type":"post","link":"https:\/\/www.europesays.com\/lv\/10912\/","title":{"rendered":"12.X Imanta Kalni\u0146a dziesmu st\u0101sts &#8220;Vi\u0146i dejoja vienu vasaru&#8221; Ulbrok\u0101"},"content":{"rendered":"<p>12.oktobr\u012b plkst.14.00 un 18.00 Kult\u016bras centr\u0101 \u201cUlbrokas p\u0113rle\u201d paredz\u0113tas komponista Imanta Kalni\u0146a dziesmu st\u0101sta \u201cVi\u0146i dejoja vienu vasaru\u201d pirmizr\u0101des. Tas ir muzik\u0101ls piedz\u012bvojums, kas ved cauri laikam no 70. gadu boh\u0113misk\u0101s br\u012bv\u012bbas un 80. gadu meh\u0101nisk\u0101s k\u0101rt\u012bbas l\u012bdz m\u016bsdienu haotiskajai ikdienai. Tas ir st\u0101sts par pirmajiem sk\u016bpstiem un p\u0113d\u0113jiem tramvajiem, par tiem, kuri m\u012bl \u2014 neveikli, kaisl\u012bgi, no sirds. Par sap\u0146iem, kas da\u017ek\u0101rt m\u016bs apsteidz, sevis mekl\u0113jumiem laik\u0101, kas nemit\u012bgi main\u0101s. Viegli ironiski, sirsn\u012bgi, muzik\u0101li \u2013 t\u0101, lai paliek atmi\u0146\u0101s&#8230;<\/p>\n<p>Dziesmu st\u0101sta si\u017eetisko l\u012bniju veido dramatur\u0123e Lelde Stumbre, re\u017eisore R\u0113zija Kalni\u0146a, scenogr\u0101fs un gaismu m\u0101kslinieks Egils Kup\u010ds, dziesmas aran\u017e\u0113 J\u0101nis L\u016bs\u0113ns jun. un grupas \u201cTante Gaida\u201d m\u016bzi\u0137i.<\/p>\n<p>Koncertuzvedum\u0101 piedal\u0101s Ivo Gr\u012bsni\u0146\u0161-Gr\u012bslis, Paula P\u0113rkone (\u201cLatvian Voices\u201d), Anmary, Em\u012bls Gilu\u010ds-L\u0101cis, Toms Kalderauskis, Austra Elza Kozuli\u0146a, Art\u016brs Bi\u0137ernieks, Kar\u012bna Bi\u0137erniece, Edvards Grieze, Zane Lazdi\u0146a un grupa \u201cTante Gaida\u201d.<\/p>\n","protected":false},"excerpt":{"rendered":"12.oktobr\u012b plkst.14.00 un 18.00 Kult\u016bras centr\u0101 \u201cUlbrokas p\u0113rle\u201d paredz\u0113tas komponista Imanta Kalni\u0146a dziesmu st\u0101sta \u201cVi\u0146i dejoja vienu vasaru\u201d&hellip;\n","protected":false},"author":2,"featured_media":10913,"comment_status":"","ping_status":"","sticky":false,"template":"","format":"standard","meta":{"footnotes":""},"categories":[19],"tags":[47,89,90,381,64,35,39,38,36,37,34,40,385,172,382,384,383,21],"class_list":{"0":"post-10912","1":"post","2":"type-post","3":"status-publish","4":"format-standard","5":"has-post-thumbnail","7":"category-izklaide","8":"tag-ekonomika","9":"tag-entertainment","10":"tag-izklaide","11":"tag-jaunumi","12":"tag-kultura","13":"tag-latvia","14":"tag-latvian","15":"tag-latviesu","16":"tag-latviesu-valoda","17":"tag-latviesuvaloda","18":"tag-latvija","19":"tag-lv","20":"tag-pieriga","21":"tag-riga","22":"tag-sabiedriba","23":"tag-sludinajumi","24":"tag-sports-afisa","25":"tag-zinas"},"share_on_mastodon":{"url":"","error":""},"_links":{"self":[{"href":"https:\/\/www.europesays.com\/lv\/wp-json\/wp\/v2\/posts\/10912","targetHints":{"allow":["GET"]}}],"collection":[{"href":"https:\/\/www.europesays.com\/lv\/wp-json\/wp\/v2\/posts"}],"about":[{"href":"https:\/\/www.europesays.com\/lv\/wp-json\/wp\/v2\/types\/post"}],"author":[{"embeddable":true,"href":"https:\/\/www.europesays.com\/lv\/wp-json\/wp\/v2\/users\/2"}],"replies":[{"embeddable":true,"href":"https:\/\/www.europesays.com\/lv\/wp-json\/wp\/v2\/comments?post=10912"}],"version-history":[{"count":0,"href":"https:\/\/www.europesays.com\/lv\/wp-json\/wp\/v2\/posts\/10912\/revisions"}],"wp:featuredmedia":[{"embeddable":true,"href":"https:\/\/www.europesays.com\/lv\/wp-json\/wp\/v2\/media\/10913"}],"wp:attachment":[{"href":"https:\/\/www.europesays.com\/lv\/wp-json\/wp\/v2\/media?parent=10912"}],"wp:term":[{"taxonomy":"category","embeddable":true,"href":"https:\/\/www.europesays.com\/lv\/wp-json\/wp\/v2\/categories?post=10912"},{"taxonomy":"post_tag","embeddable":true,"href":"https:\/\/www.europesays.com\/lv\/wp-json\/wp\/v2\/tags?post=10912"}],"curies":[{"name":"wp","href":"https:\/\/api.w.org\/{rel}","templated":true}]}}