{"id":109150,"date":"2026-01-20T07:22:12","date_gmt":"2026-01-20T07:22:12","guid":{"rendered":"https:\/\/www.europesays.com\/lv\/109150\/"},"modified":"2026-01-20T07:22:12","modified_gmt":"2026-01-20T07:22:12","slug":"krievija-veikusi-kombineto-uzbrukumu-kijivai","status":"publish","type":"post","link":"https:\/\/www.europesays.com\/lv\/109150\/","title":{"rendered":"Krievija veikusi kombin\u0113to uzbrukumu Kijivai"},"content":{"rendered":"<p>Viet\u0113jie mediji zi\u0146o, ka pils\u0113t\u0101 dzird\u0113ti vair\u0101ki spr\u0101dzieni.<\/p>\n<p>P\u0113c Kijivas m\u0113ra Vit\u0101lija Kli\u010dko teikt\u0101, Krievijas uzbrukuma rezult\u0101t\u0101 ievainots viens cilv\u0113ks D\u0146epras rajon\u0101.<\/p>\n<p>Taj\u0101 pa\u0161\u0101 rajon\u0101 tika boj\u0101ta nedz\u012bvojam\u0101 \u0113ka un aizdeg\u0101s vair\u0101kas automa\u0161\u012bnas p\u0113c tam, kad drons nokrita autost\u0101vviet\u0101, sac\u012bja K\u013ci\u010dko. Pils\u0113tas milit\u0101r\u0101s administr\u0101cijas priek\u0161nieks Timurs Tka\u010denko zi\u0146o, ka cietu\u0161as noliktavas.<\/p>\n<p>Turkl\u0101t Kijivas kreis\u0101 krasta da\u013c\u0101 p\u0113c uzbrukuma tika p\u0101rtraukta elektroapg\u0101de, piebilda Kli\u010dko, soci\u0101l\u0101s infrastrukt\u016bras objekti tiek p\u0101rsl\u0113gti uz autonomu elektroapg\u0101di.<\/p>\n<p>Dienu iepriek\u0161 Ukrainas prezidents Volodimirs Zelenskis br\u012bdin\u0101ja, ka <a href=\"https:\/\/www.tvnet.lv\/term\/555452\/krievija\" class=\"topicLink\" target=\"_blank\" rel=\"nofollow noopener\">Krievija<\/a> gatavojas jaunam masveida triecienam Ukrainai, un aicin\u0101ja iedz\u012bvot\u0101jus uzman\u012bgi sekot l\u012bdzi gaisa trauksmes pazi\u0146ojumiem.<\/p>\n","protected":false},"excerpt":{"rendered":"Viet\u0113jie mediji zi\u0146o, ka pils\u0113t\u0101 dzird\u0113ti vair\u0101ki spr\u0101dzieni. P\u0113c Kijivas m\u0113ra Vit\u0101lija Kli\u010dko teikt\u0101, Krievijas uzbrukuma rezult\u0101t\u0101 ievainots&hellip;\n","protected":false},"author":2,"featured_media":109151,"comment_status":"","ping_status":"","sticky":false,"template":"","format":"standard","meta":{"footnotes":""},"categories":[14],"tags":[23,57,3700,28,29,32,33,22,234,74,30,31,35,39,38,36,37,34,40,20,26,27,24,25,276,54,55,56,21,58],"class_list":{"0":"post-109150","1":"post","2":"type-post","3":"status-publish","4":"format-standard","5":"has-post-thumbnail","7":"category-zinas-no-arvalstim","8":"tag-aktualitates","9":"tag-arvalstim","10":"tag-autoritarisma-ena-par-eiropu","11":"tag-breaking-news","12":"tag-breakingnews","13":"tag-featured-news","14":"tag-featurednews","15":"tag-headlines","16":"tag-krievija","17":"tag-krievijas-iebrukums-ukraina","18":"tag-latest-news","19":"tag-latestnews","20":"tag-latvia","21":"tag-latvian","22":"tag-latviesu","23":"tag-latviesu-valoda","24":"tag-latviesuvaloda","25":"tag-latvija","26":"tag-lv","27":"tag-news","28":"tag-popularakas-zinas","29":"tag-popularakaszinas","30":"tag-top-stories","31":"tag-topstories","32":"tag-ukraina","33":"tag-world","34":"tag-world-news","35":"tag-worldnews","36":"tag-zinas","37":"tag-zinas-no-arvalstim"},"share_on_mastodon":{"url":"https:\/\/pubeurope.com\/@lv\/115926226874888084","error":""},"_links":{"self":[{"href":"https:\/\/www.europesays.com\/lv\/wp-json\/wp\/v2\/posts\/109150","targetHints":{"allow":["GET"]}}],"collection":[{"href":"https:\/\/www.europesays.com\/lv\/wp-json\/wp\/v2\/posts"}],"about":[{"href":"https:\/\/www.europesays.com\/lv\/wp-json\/wp\/v2\/types\/post"}],"author":[{"embeddable":true,"href":"https:\/\/www.europesays.com\/lv\/wp-json\/wp\/v2\/users\/2"}],"replies":[{"embeddable":true,"href":"https:\/\/www.europesays.com\/lv\/wp-json\/wp\/v2\/comments?post=109150"}],"version-history":[{"count":0,"href":"https:\/\/www.europesays.com\/lv\/wp-json\/wp\/v2\/posts\/109150\/revisions"}],"wp:featuredmedia":[{"embeddable":true,"href":"https:\/\/www.europesays.com\/lv\/wp-json\/wp\/v2\/media\/109151"}],"wp:attachment":[{"href":"https:\/\/www.europesays.com\/lv\/wp-json\/wp\/v2\/media?parent=109150"}],"wp:term":[{"taxonomy":"category","embeddable":true,"href":"https:\/\/www.europesays.com\/lv\/wp-json\/wp\/v2\/categories?post=109150"},{"taxonomy":"post_tag","embeddable":true,"href":"https:\/\/www.europesays.com\/lv\/wp-json\/wp\/v2\/tags?post=109150"}],"curies":[{"name":"wp","href":"https:\/\/api.w.org\/{rel}","templated":true}]}}