{"id":109218,"date":"2026-01-20T08:51:07","date_gmt":"2026-01-20T08:51:07","guid":{"rendered":"https:\/\/www.europesays.com\/lv\/109218\/"},"modified":"2026-01-20T08:51:07","modified_gmt":"2026-01-20T08:51:07","slug":"uznemums-koncentresies-uz-mi-un-robotiku-lente-lv","status":"publish","type":"post","link":"https:\/\/www.europesays.com\/lv\/109218\/","title":{"rendered":"uz\u0146\u0113mums koncentr\u0113sies uz MI un robotiku\u00a0\u2014\u00a0Lente.lv"},"content":{"rendered":"<p>ASUS p\u0101rtrauc jaunu viedt\u0101lru\u0146u izstr\u0101di<\/p>\n<p>Ra\u017eot\u0101js ASUS ofici\u0101li apstiprin\u0101jis baumas par jaunu viedt\u0101lru\u0146u mode\u013cu izstr\u0101des aptur\u0113\u0161anu. Uz\u0146\u0113mums piln\u012bb\u0101 p\u0101rorient\u0113s savus resursus uz citiem att\u012bst\u012bbas virzieniem, \u012bpa\u0161i uz m\u0101ksl\u012bg\u0101 intelekta (MI) integr\u0101ciju.<\/p>\n<p>K\u0101 zi\u0146ots, pag\u0101ju\u0161\u0101 gada nogal\u0113 Taibe\u013c\u0101 r\u012bkot\u0101 pas\u0101kum\u0101 ASUS padomes priek\u0161s\u0113d\u0113t\u0101js D\u017eonijs \u0160i (Johnny Shih) atkl\u0101ja, ka uz\u0146\u0113mums aptur jaunu Zenfone un ROG Phone mode\u013cu izstr\u0101di. L\u0113mums paredz piln\u012bgu resursu novirz\u012b\u0161anu uz p\u0113tniec\u012bbu un att\u012bst\u012bbu cit\u0101s jom\u0101s.<\/p>\n<p>Fokus\u0101 MI un jaunas tehnolo\u0123ijas<\/p>\n<p>ASUS n\u0101kotn\u0113 pl\u0101no koncentr\u0113ties uz jaunu komerci\u0101lo datoru izstr\u0101di ar integr\u0113tu MI, k\u0101 ar\u012b uz robotiku un viedaj\u0101m brill\u0113m. \u0160\u012b strat\u0113\u0123isk\u0101 mai\u0146a demonstr\u0113 uz\u0146\u0113muma p\u0101rliec\u012bbu par MI un ar to saist\u012bto tehnolo\u0123iju potenci\u0101lu.<\/p>\n<p>Sarun\u0101 ar medijiem \u0160i nor\u0101d\u012bja, ka ASUS vairs nepl\u0101no laist klaj\u0101 jaunus viedt\u0101lru\u0146u mode\u013cus. Vi\u0146\u0161 gan piebilda, ka eso\u0161o ier\u012b\u010du lietot\u0101ji turpin\u0101s sa\u0146emt tehnisko atbalstu un programmat\u016bras atjaunin\u0101jumus.<\/p>\n<p>Viedt\u0101lru\u0146u tirgus zaud\u0113 pievilc\u012bbu<\/p>\n<p>ASUS uzskata, ka viedt\u0101lru\u0146u tirgus ir zaud\u0113jis izaugsmes perspekt\u012bvas, \u012bpa\u0161i sal\u012bdzin\u0101jum\u0101 ar jaunaj\u0101m iesp\u0113j\u0101m, ko paver aparat\u016bra ar MI. Uz\u0146\u0113mums resursus, kas iepriek\u0161 tika t\u0113r\u0113ti viedt\u0101lru\u0146u att\u012bst\u012bbai, tagad ieguld\u012bs MI datoros un viedaj\u0101s brill\u0113s.<\/p>\n<p>\u0160\u0101di koment\u0101ri rada nopietnas \u0161aubas par ASUS turpm\u0101ku kl\u0101tb\u016btni viedt\u0101lru\u0146u tirg\u016b. Lai gan \u0160i nav tie\u0161i pazi\u0146ojis par piln\u012bgu aizie\u0161anu, vi\u0146a izteikumi liecina, ka jaunu Zenfone un ROG Phone mode\u013cu izstr\u0101de var\u0113tu tikt aptur\u0113ta uz nenoteiktu laiku.<\/p>\n<p>Neskatoties uz \u0161o pagriezienu, ASUS turpina inovat\u012bvus projektus cit\u0101s jom\u0101s. Nesen kop\u0101 ar GoPro tika prezent\u0113ts jauns MI apr\u012bkots kl\u0113pjdators ProArt PX13, kas \u012bpa\u0161i izstr\u0101d\u0101ts satura veidot\u0101jiem darbam \u0101rpus biroja.<\/p>\n<p>ASUS pl\u0101no piln\u012bb\u0101 p\u0101rtraukt jaunu viedt\u0101lru\u0146u mode\u013cu izlaidi 2026. gad\u0101, kas noz\u012bm\u0113, ka netiks izlaisti ne Zenfone 13, ne ROG Phone 10. \u0160is solis atspogu\u013co aizvien pieaugo\u0161\u0101s gr\u016bt\u012bbas konkur\u0113t ar \u0136\u012bnas un Dienvidkorejas ra\u017eot\u0101jiem viedt\u0101lru\u0146u segment\u0101.<\/p>\n","protected":false},"excerpt":{"rendered":"ASUS p\u0101rtrauc jaunu viedt\u0101lru\u0146u izstr\u0101di Ra\u017eot\u0101js ASUS ofici\u0101li apstiprin\u0101jis baumas par jaunu viedt\u0101lru\u0146u mode\u013cu izstr\u0101des aptur\u0113\u0161anu. Uz\u0146\u0113mums piln\u012bb\u0101&hellip;\n","protected":false},"author":2,"featured_media":109219,"comment_status":"","ping_status":"","sticky":false,"template":"","format":"standard","meta":{"footnotes":""},"categories":[16],"tags":[22088,77,76,35,39,38,36,37,34,40,87,3738,911,25898],"class_list":{"0":"post-109218","1":"post","2":"type-post","3":"status-publish","4":"format-standard","5":"has-post-thumbnail","7":"category-bizness","8":"tag-asus","9":"tag-bizness","10":"tag-business","11":"tag-latvia","12":"tag-latvian","13":"tag-latviesu","14":"tag-latviesu-valoda","15":"tag-latviesuvaloda","16":"tag-latvija","17":"tag-lv","18":"tag-maksligais-intelekts","19":"tag-tehnologijas","20":"tag-viedtalruni","21":"tag-zenfone"},"share_on_mastodon":{"url":"https:\/\/pubeurope.com\/@lv\/115926576844699382","error":""},"_links":{"self":[{"href":"https:\/\/www.europesays.com\/lv\/wp-json\/wp\/v2\/posts\/109218","targetHints":{"allow":["GET"]}}],"collection":[{"href":"https:\/\/www.europesays.com\/lv\/wp-json\/wp\/v2\/posts"}],"about":[{"href":"https:\/\/www.europesays.com\/lv\/wp-json\/wp\/v2\/types\/post"}],"author":[{"embeddable":true,"href":"https:\/\/www.europesays.com\/lv\/wp-json\/wp\/v2\/users\/2"}],"replies":[{"embeddable":true,"href":"https:\/\/www.europesays.com\/lv\/wp-json\/wp\/v2\/comments?post=109218"}],"version-history":[{"count":0,"href":"https:\/\/www.europesays.com\/lv\/wp-json\/wp\/v2\/posts\/109218\/revisions"}],"wp:featuredmedia":[{"embeddable":true,"href":"https:\/\/www.europesays.com\/lv\/wp-json\/wp\/v2\/media\/109219"}],"wp:attachment":[{"href":"https:\/\/www.europesays.com\/lv\/wp-json\/wp\/v2\/media?parent=109218"}],"wp:term":[{"taxonomy":"category","embeddable":true,"href":"https:\/\/www.europesays.com\/lv\/wp-json\/wp\/v2\/categories?post=109218"},{"taxonomy":"post_tag","embeddable":true,"href":"https:\/\/www.europesays.com\/lv\/wp-json\/wp\/v2\/tags?post=109218"}],"curies":[{"name":"wp","href":"https:\/\/api.w.org\/{rel}","templated":true}]}}