{"id":109220,"date":"2026-01-20T08:54:09","date_gmt":"2026-01-20T08:54:09","guid":{"rendered":"https:\/\/www.europesays.com\/lv\/109220\/"},"modified":"2026-01-20T08:54:09","modified_gmt":"2026-01-20T08:54:09","slug":"avarija-pie-stopiniem-gajis-boja-autovaditajs","status":"publish","type":"post","link":"https:\/\/www.europesays.com\/lv\/109220\/","title":{"rendered":"Av\u0101rij\u0101 pie Stopi\u0146iem g\u0101jis boj\u0101 autovad\u012bt\u0101js"},"content":{"rendered":"<p>P\u0113c policijas sniegt\u0101s inform\u0101cijas, ap plkst. 12.54 R\u012bg\u0101, Brek\u0161u iel\u0101, automa\u0161\u012bnas &#8220;Volvo V50&#8221; vad\u012bt\u0101js izrais\u012bja sadursmi ar automa\u0161\u012bnu &#8220;Ford Mondeo&#8221;, p\u0113c k\u0101 min\u0113tais &#8220;Ford Mondeo&#8221; izrais\u012bja sadursmi ar automa\u0161\u012bnu &#8220;VW Passat&#8221;. Ce\u013cu satiksmes negad\u012bjuma rezult\u0101t\u0101 automa\u0161\u012bnas &#8220;Volvo V50&#8221; vad\u012bt\u0101js g\u0101ja boj\u0101. <a href=\"https:\/\/www.apollo.lv\/term\/565901\/policija\" class=\"topicLink\" target=\"_blank\" rel=\"nofollow noopener\">Policija<\/a> izmekl\u0113 negad\u012bjuma apst\u0101k\u013cus.<\/p>\n<p>Aizvad\u012btaj\u0101 diennakt\u012b valst\u012b kopum\u0101 re\u0123istr\u0113ti 147 ce\u013cu satiksmes negad\u012bjumi, se\u0161os no tiem cietu\u0161i kopskait\u0101 septi\u0146i cilv\u0113ki, bet vien\u0101, jau min\u0113taj\u0101, ir boj\u0101g\u0101ju\u0161ais.<\/p>\n<p>Diennakts laik\u0101 pie st\u016bres alkohola reibum\u0101 pie\u0137erti se\u0161i vad\u012bt\u0101ji, un visos se\u0161os gad\u012bjumos s\u0101kti krimin\u0101lprocesi, kas, visticam\u0101k, noz\u012bm\u0113, ka \u0161oferi biju\u0161i stipr\u0101 reibum\u0101.<\/p>\n<p>Pirmdien par da\u017e\u0101diem p\u0101rk\u0101pumiem ce\u013cu satiksmes jom\u0101 policija noform\u0113jusi 375 protokolus, tostarp 93 reizes fiks\u0113ta at\u013caut\u0101 brauk\u0161anas \u0101truma p\u0101rsnieg\u0161ana, liecina policijas apkopot\u0101 statistika.<\/p>\n","protected":false},"excerpt":{"rendered":"P\u0113c policijas sniegt\u0101s inform\u0101cijas, ap plkst. 12.54 R\u012bg\u0101, Brek\u0161u iel\u0101, automa\u0161\u012bnas &#8220;Volvo V50&#8221; vad\u012bt\u0101js izrais\u012bja sadursmi ar automa\u0161\u012bnu&hellip;\n","protected":false},"author":2,"featured_media":91484,"comment_status":"","ping_status":"","sticky":false,"template":"","format":"standard","meta":{"footnotes":""},"categories":[5],"tags":[23,2109,1465,2849,28,29,32,33,22,30,31,35,39,38,36,37,34,40,20,163,26,27,24,25,138,21],"class_list":{"0":"post-109220","1":"post","2":"type-post","3":"status-publish","4":"format-standard","5":"has-post-thumbnail","7":"category-aktualitates","8":"tag-aktualitates","9":"tag-autoavarija","10":"tag-autoavarijas","11":"tag-avarija","12":"tag-breaking-news","13":"tag-breakingnews","14":"tag-featured-news","15":"tag-featurednews","16":"tag-headlines","17":"tag-latest-news","18":"tag-latestnews","19":"tag-latvia","20":"tag-latvian","21":"tag-latviesu","22":"tag-latviesu-valoda","23":"tag-latviesuvaloda","24":"tag-latvija","25":"tag-lv","26":"tag-news","27":"tag-policija","28":"tag-popularakas-zinas","29":"tag-popularakaszinas","30":"tag-top-stories","31":"tag-topstories","32":"tag-valsts-policija","33":"tag-zinas"},"share_on_mastodon":{"url":"https:\/\/pubeurope.com\/@lv\/115926588707723693","error":""},"_links":{"self":[{"href":"https:\/\/www.europesays.com\/lv\/wp-json\/wp\/v2\/posts\/109220","targetHints":{"allow":["GET"]}}],"collection":[{"href":"https:\/\/www.europesays.com\/lv\/wp-json\/wp\/v2\/posts"}],"about":[{"href":"https:\/\/www.europesays.com\/lv\/wp-json\/wp\/v2\/types\/post"}],"author":[{"embeddable":true,"href":"https:\/\/www.europesays.com\/lv\/wp-json\/wp\/v2\/users\/2"}],"replies":[{"embeddable":true,"href":"https:\/\/www.europesays.com\/lv\/wp-json\/wp\/v2\/comments?post=109220"}],"version-history":[{"count":0,"href":"https:\/\/www.europesays.com\/lv\/wp-json\/wp\/v2\/posts\/109220\/revisions"}],"wp:featuredmedia":[{"embeddable":true,"href":"https:\/\/www.europesays.com\/lv\/wp-json\/wp\/v2\/media\/91484"}],"wp:attachment":[{"href":"https:\/\/www.europesays.com\/lv\/wp-json\/wp\/v2\/media?parent=109220"}],"wp:term":[{"taxonomy":"category","embeddable":true,"href":"https:\/\/www.europesays.com\/lv\/wp-json\/wp\/v2\/categories?post=109220"},{"taxonomy":"post_tag","embeddable":true,"href":"https:\/\/www.europesays.com\/lv\/wp-json\/wp\/v2\/tags?post=109220"}],"curies":[{"name":"wp","href":"https:\/\/api.w.org\/{rel}","templated":true}]}}