{"id":109320,"date":"2026-01-20T10:40:12","date_gmt":"2026-01-20T10:40:12","guid":{"rendered":"https:\/\/www.europesays.com\/lv\/109320\/"},"modified":"2026-01-20T10:40:12","modified_gmt":"2026-01-20T10:40:12","slug":"bulgarijas-prezidents-pazino-par-atkapsanos","status":"publish","type":"post","link":"https:\/\/www.europesays.com\/lv\/109320\/","title":{"rendered":"Bulg\u0101rijas prezidents pazi\u0146o par atk\u0101p\u0161anos"},"content":{"rendered":"<p>Bulg\u0101riju novembra beig\u0101s atkal satricin\u0101ja <a href=\"https:\/\/www.apollo.lv\/term\/576593\/protesti\" class=\"topicLink\" target=\"_blank\" rel=\"nofollow noopener\">protesti<\/a>, ko izrais\u012bja 2026. gada bud\u017eeta projekts, ko protest\u0113t\u0101ji nosauca par m\u0113\u0123in\u0101jumu mask\u0113t plauksto\u0161o korupciju. Vald\u012bba, pak\u013caujoties spiedienam, v\u0113l\u0101k atsauca bud\u017eeta projektu, un premjerministrs Rosens \u017de\u013cazkovs pazi\u0146oja par vald\u012bbas demisiju.<\/p>\n<p>Neskatoties uz kr\u012bzi vald\u012bb\u0101, <a href=\"https:\/\/www.apollo.lv\/term\/555455\/bulgarija\" class=\"topicLink\" target=\"_blank\" rel=\"nofollow noopener\">Bulg\u0101rija<\/a> 1. janv\u0101r\u012b pievienoj\u0101s eirozonai.<\/p>\n<p>Radevs, kas atbalst\u012bja protestus, pag\u0101ju\u0161aj\u0101 ned\u0113\u013c\u0101 pazi\u0146oja, ka visi tr\u012bs m\u0113\u0123in\u0101jumi izveidot vald\u012bbu ir cietu\u0161i neveiksmi un Bulg\u0101rij\u0101 tiks izsludin\u0101tas pirmstermi\u0146a parlamenta v\u0113l\u0113\u0161anas, kas b\u016bs jau astot\u0101s piecu gadu laik\u0101.<\/p>\n<p>&#8220;\u0160odien es p\u0113d\u0113jo reizi v\u0113r\u0161os pie jums k\u0101 Bulg\u0101rijas prezidents,&#8221; telev\u012bzij\u0101 pazi\u0146oja Radevs, pav\u0113stot, ka vi\u0146\u0161 otrdien atk\u0101psies no amata.<\/p>\n<p>62 gadus vecais politi\u0137is pazi\u0146oja, ka v\u0113las uz\u0146emties c\u012b\u0146u par Bulg\u0101rijas n\u0101kotni kop\u0101 ar tautu, un vainoja eso\u0161o p\u0101rvaldi nabadz\u012bb\u0101, protestos un neuztic\u012bb\u0101 valsts iest\u0101d\u0113m.<\/p>\n<p>Jau iepriek\u0161 izskan\u0113ja spekul\u0101cijas, ka Radevs var\u0113tu kandid\u0113t pirmstermi\u0146a v\u0113l\u0113\u0161an\u0101s, jo vi\u0146\u0161 izteicies, ka v\u0113las apvienot visus c\u012b\u0146\u0101 pret korupciju.<\/p>\n<p>Sagaid\u0101ms, ka pagaidu prezidenta amatu ie\u0146ems Radeva vietniece, bijus\u012b \u017eurn\u0101liste, soci\u0101liste Ilijana Iotova. V\u0113l\u0113\u0161anas notiks marta beig\u0101s vai apr\u012bl\u012b, bet konkr\u0113ts datums v\u0113l nav noteikts.<\/p>\n<p>Prezidenta zi\u0146\u0101 ir iecelt pagaidu premjerministru no augst\u0101ko valsts amatpersonu vidus un noteikt v\u0113l\u0113\u0161anu datumu.<\/p>\n<p>Bija paredz\u0113ts, ka Radeva pilnvaru termi\u0146\u0161 beigsies n\u0101kam\u0101 gada s\u0101kum\u0101 un pirms tam notiks prezidenta v\u0113l\u0113\u0161anas.<\/p>\n","protected":false},"excerpt":{"rendered":"Bulg\u0101riju novembra beig\u0101s atkal satricin\u0101ja protesti, ko izrais\u012bja 2026. gada bud\u017eeta projekts, ko protest\u0113t\u0101ji nosauca par m\u0113\u0123in\u0101jumu mask\u0113t&hellip;\n","protected":false},"author":2,"featured_media":109321,"comment_status":"","ping_status":"","sticky":false,"template":"","format":"standard","meta":{"footnotes":""},"categories":[14],"tags":[23,57,28,29,3567,32,33,22,30,31,35,39,38,36,37,34,40,20,26,27,4204,24,25,54,55,56,21,58],"class_list":{"0":"post-109320","1":"post","2":"type-post","3":"status-publish","4":"format-standard","5":"has-post-thumbnail","7":"category-zinas-no-arvalstim","8":"tag-aktualitates","9":"tag-arvalstim","10":"tag-breaking-news","11":"tag-breakingnews","12":"tag-bulgarija","13":"tag-featured-news","14":"tag-featurednews","15":"tag-headlines","16":"tag-latest-news","17":"tag-latestnews","18":"tag-latvia","19":"tag-latvian","20":"tag-latviesu","21":"tag-latviesu-valoda","22":"tag-latviesuvaloda","23":"tag-latvija","24":"tag-lv","25":"tag-news","26":"tag-popularakas-zinas","27":"tag-popularakaszinas","28":"tag-protesti","29":"tag-top-stories","30":"tag-topstories","31":"tag-world","32":"tag-world-news","33":"tag-worldnews","34":"tag-zinas","35":"tag-zinas-no-arvalstim"},"share_on_mastodon":{"url":"https:\/\/pubeurope.com\/@lv\/115927005462832669","error":""},"_links":{"self":[{"href":"https:\/\/www.europesays.com\/lv\/wp-json\/wp\/v2\/posts\/109320","targetHints":{"allow":["GET"]}}],"collection":[{"href":"https:\/\/www.europesays.com\/lv\/wp-json\/wp\/v2\/posts"}],"about":[{"href":"https:\/\/www.europesays.com\/lv\/wp-json\/wp\/v2\/types\/post"}],"author":[{"embeddable":true,"href":"https:\/\/www.europesays.com\/lv\/wp-json\/wp\/v2\/users\/2"}],"replies":[{"embeddable":true,"href":"https:\/\/www.europesays.com\/lv\/wp-json\/wp\/v2\/comments?post=109320"}],"version-history":[{"count":0,"href":"https:\/\/www.europesays.com\/lv\/wp-json\/wp\/v2\/posts\/109320\/revisions"}],"wp:featuredmedia":[{"embeddable":true,"href":"https:\/\/www.europesays.com\/lv\/wp-json\/wp\/v2\/media\/109321"}],"wp:attachment":[{"href":"https:\/\/www.europesays.com\/lv\/wp-json\/wp\/v2\/media?parent=109320"}],"wp:term":[{"taxonomy":"category","embeddable":true,"href":"https:\/\/www.europesays.com\/lv\/wp-json\/wp\/v2\/categories?post=109320"},{"taxonomy":"post_tag","embeddable":true,"href":"https:\/\/www.europesays.com\/lv\/wp-json\/wp\/v2\/tags?post=109320"}],"curies":[{"name":"wp","href":"https:\/\/api.w.org\/{rel}","templated":true}]}}