{"id":109326,"date":"2026-01-20T10:45:08","date_gmt":"2026-01-20T10:45:08","guid":{"rendered":"https:\/\/www.europesays.com\/lv\/109326\/"},"modified":"2026-01-20T10:45:08","modified_gmt":"2026-01-20T10:45:08","slug":"bite-latvija-partrauks-3g-tikla-darbibu-vairakos-pierigas-novados","status":"publish","type":"post","link":"https:\/\/www.europesays.com\/lv\/109326\/","title":{"rendered":"&#8220;Bite Latvija&#8221; p\u0101rtrauks 3G t\u012bkla darb\u012bbu vair\u0101kos Pier\u012bgas novados"},"content":{"rendered":"<p>Turpinot p\u0101reju uz modern\u0101k\u0101m mobilo sakaru tehnolo\u0123ij\u0101m, elektronisko sakaru un IKT pakalpojumu sniedz\u0113js \u201cBite Latvija\u201d nakt\u012b no 20. uz 21. janv\u0101ri plkst. 2.00 veiks 3G t\u012bkla atsl\u0113g\u0161anu J\u016brmal\u0101, \u0136ekavas, M\u0101rupes un Olaines novad\u0101. Tas ir n\u0101kamais solis uz\u0146\u0113muma pl\u0101n\u0101 pak\u0101peniski p\u0101rtraukt 3G p\u0101rkl\u0101jumu vis\u0101 valst\u012b, lai eso\u0161os resursus izmantotu jaud\u012bg\u0101ku un efekt\u012bv\u0101ku 4G un 5G tehnolo\u0123iju att\u012bst\u012bbai, inform\u0113 \u201cBite Latvija\u201d.<\/p>\n<p>\u201cP\u0101rejot no novecoju\u0161\u0101s infrastrukt\u016bras uz modern\u0101kiem 4G un 5G risin\u0101jumiem, m\u0113s nodro\u0161in\u0101m efekt\u012bv\u0101ku frekven\u010du izmanto\u0161anu un iesp\u0113ju klientiem baud\u012bt iev\u0113rojami \u0101tr\u0101ku datu p\u0101rraidi, stabil\u0101kus sakarus un augst\u0101ku zvanu kvalit\u0101ti. 3G tehnolo\u0123ijas atsl\u0113g\u0161ana ir lo\u0123isks posms mobilo sakaru att\u012bst\u012bb\u0101,\u201d nor\u0101da \u201cBite Latvija\u201d Radiot\u012bkla departamenta vad\u012bt\u0101js Aleksandrs Be\u013cajevs.<\/p>\n<p>2025. gad\u0101 3G t\u012bkls jau ir sekm\u012bgi atsl\u0113gts liel\u0101kaj\u0101 da\u013c\u0101 Latvijas \u2013 pils\u0113t\u0101s un novados Zemgal\u0113, Vidzem\u0113, Kurzem\u0113 un Latgal\u0113. P\u0101reja norit\u0113jusi saska\u0146\u0101 ar iepriek\u0161 noteikto pl\u0101nu un bez b\u016btiskas ietekmes uz lietot\u0101jiem, \u013caujot \u201cBite Latvija\u201d m\u0113r\u0137tiec\u012bgi turpin\u0101t t\u012bkla moderniz\u0101ciju.<\/p>\n<p>Pl\u0101nots, ka vis\u0101 Latvij\u0101 3G t\u012bkls tiks piln\u012bb\u0101 atsl\u0113gts l\u012bdz \u0161\u012b gada pavasarim. 3G t\u012bkla atsl\u0113g\u0161ana var ietekm\u0113t vec\u0101kas ier\u012bces un SIM kartes \u2013 neskaidr\u012bbu gad\u012bjum\u0101 uz\u0146\u0113muma p\u0101rst\u0101vji aicina sazin\u0101ties ar \u201cBite Latvija\u201d speci\u0101listiem, zvanot uz 1601, vai iepaz\u012bties ar inform\u0101ciju t\u012bemk\u013cvietnes sada\u013c\u0101 \u201cPriv\u0101tperson\u0101m\u201d apak\u0161sada\u013c\u0101 \u201c3G t\u012bkla pak\u0101peniska sl\u0113g\u0161ana\u201d.<\/p>\n","protected":false},"excerpt":{"rendered":"Turpinot p\u0101reju uz modern\u0101k\u0101m mobilo sakaru tehnolo\u0123ij\u0101m, elektronisko sakaru un IKT pakalpojumu sniedz\u0113js \u201cBite Latvija\u201d nakt\u012b no 20.&hellip;\n","protected":false},"author":2,"featured_media":109327,"comment_status":"","ping_status":"","sticky":false,"template":"","format":"standard","meta":{"footnotes":""},"categories":[16],"tags":[77,76,47,381,64,35,39,38,36,37,34,40,385,172,382,384,383,21],"class_list":{"0":"post-109326","1":"post","2":"type-post","3":"status-publish","4":"format-standard","5":"has-post-thumbnail","7":"category-bizness","8":"tag-bizness","9":"tag-business","10":"tag-ekonomika","11":"tag-jaunumi","12":"tag-kultura","13":"tag-latvia","14":"tag-latvian","15":"tag-latviesu","16":"tag-latviesu-valoda","17":"tag-latviesuvaloda","18":"tag-latvija","19":"tag-lv","20":"tag-pieriga","21":"tag-riga","22":"tag-sabiedriba","23":"tag-sludinajumi","24":"tag-sports-afisa","25":"tag-zinas"},"share_on_mastodon":{"url":"https:\/\/pubeurope.com\/@lv\/115927026274896863","error":""},"_links":{"self":[{"href":"https:\/\/www.europesays.com\/lv\/wp-json\/wp\/v2\/posts\/109326","targetHints":{"allow":["GET"]}}],"collection":[{"href":"https:\/\/www.europesays.com\/lv\/wp-json\/wp\/v2\/posts"}],"about":[{"href":"https:\/\/www.europesays.com\/lv\/wp-json\/wp\/v2\/types\/post"}],"author":[{"embeddable":true,"href":"https:\/\/www.europesays.com\/lv\/wp-json\/wp\/v2\/users\/2"}],"replies":[{"embeddable":true,"href":"https:\/\/www.europesays.com\/lv\/wp-json\/wp\/v2\/comments?post=109326"}],"version-history":[{"count":0,"href":"https:\/\/www.europesays.com\/lv\/wp-json\/wp\/v2\/posts\/109326\/revisions"}],"wp:featuredmedia":[{"embeddable":true,"href":"https:\/\/www.europesays.com\/lv\/wp-json\/wp\/v2\/media\/109327"}],"wp:attachment":[{"href":"https:\/\/www.europesays.com\/lv\/wp-json\/wp\/v2\/media?parent=109326"}],"wp:term":[{"taxonomy":"category","embeddable":true,"href":"https:\/\/www.europesays.com\/lv\/wp-json\/wp\/v2\/categories?post=109326"},{"taxonomy":"post_tag","embeddable":true,"href":"https:\/\/www.europesays.com\/lv\/wp-json\/wp\/v2\/tags?post=109326"}],"curies":[{"name":"wp","href":"https:\/\/api.w.org\/{rel}","templated":true}]}}