{"id":109344,"date":"2026-01-20T11:00:12","date_gmt":"2026-01-20T11:00:12","guid":{"rendered":"https:\/\/www.europesays.com\/lv\/109344\/"},"modified":"2026-01-20T11:00:12","modified_gmt":"2026-01-20T11:00:12","slug":"latvija-aust-pedejo-divu-gadu-aukstakais-rits","status":"publish","type":"post","link":"https:\/\/www.europesays.com\/lv\/109344\/","title":{"rendered":"Latvij\u0101 aust p\u0113d\u0113jo divu gadu aukst\u0101kais r\u012bts"},"content":{"rendered":"<p>Saska\u0146\u0101 ar Latvijas Vides, \u0123eolo\u0123ijas un meteorolo\u0123ijas centra (LV\u0122MC) inform\u0101ciju gaisa temperat\u016bra plkst. 9 bija no -9,2 gr\u0101diem Kolk\u0101 un -9,9 gr\u0101diem Ventspil\u012b l\u012bdz -21..-23 gr\u0101diem M\u0113rsrag\u0101, Skr\u012bveros, J\u0113kabpil\u012b, Madon\u0101, Gulben\u0113 un Dagd\u0101, bet Daugavpils nov\u0113rojumu stacij\u0101 sals sasniedza 24 gr\u0101dus.<\/p>\n<p>Atbilsto\u0161i &#8220;Latvijas Valsts ce\u013cu&#8221; inform\u0101cijai no r\u012bta daudzviet Latgal\u0113 un Vidzem\u0113 gaisa temperat\u016bra pazemin\u0101j\u0101s l\u012bdz -23..-24 gr\u0101diem, nepilnu 23 gr\u0101du sals re\u0123istr\u0113ts ar\u012b viet\u0101m uz Liep\u0101jas \u0161osejas un Ventspils \u0161osejas.<\/p>\n<p>Tas bija barg\u0101kais sals valst\u012b kop\u0161 2024. gada 8. janv\u0101ra, kad viet\u0101m Latgal\u0113 gaisa temperat\u016bra sasniedza -30 gr\u0101dus.<\/p>\n<p>M\u0101ko\u0146u maz, bet da\u013c\u0101 Kurzemes piekrastes un Vidzemes gal\u0113jos zieme\u013crietumos debesis apm\u0101ku\u0161\u0101s. Viet\u0101m d\u016bmaka un sarma, Ventspil\u012b sabiez\u0113jusi migla.<\/p>\n<p>P\u016b\u0161 viegls dienvidu v\u0113j\u0161, daudzviet iest\u0101jies bezv\u0113j\u0161. Gaisa kvalit\u0101te viduv\u0113ja l\u012bdz slikta.<\/p>\n<p>V\u0113l\u0101 pirmdienas vakar\u0101 s\u0101k\u0101s sp\u0113c\u012bga \u0123eomagn\u0113tisk\u0101 v\u0113tra, kas no r\u012bta pierimusi. Nakt\u012b Latvij\u0101 nov\u0113rota zieme\u013cbl\u0101zma.<\/p>\n<p>R\u012bg\u0101 p\u0101rsvar\u0101 skaidras debesis, p\u016b\u0161 dienvidu v\u0113j\u0161 ar \u0101trumu divi metri sekund\u0113, gaisa temperat\u016bra devi\u0146os r\u012bt\u0101 bija -15 gr\u0101di, lidost\u0101 -17 gr\u0101di.<\/p>\n<p>Maksim\u0101l\u0101 gaisa temperat\u016bra pirmdien LV\u0122MC nov\u0113rojumu t\u012bkl\u0101 bija no -4,7 gr\u0101diem Liep\u0101jas ost\u0101 l\u012bdz -13,1 gr\u0101dam Dobel\u0113.<\/p>\n<p>Augst\u0101k\u0101 gaisa temperat\u016bra Eirop\u0101 19. janv\u0101r\u012b bija +18..+19 gr\u0101di Sp\u0101nij\u0101 un It\u0101lij\u0101. Zem\u0101k\u0101 gaisa temperat\u016bra nakt\u012b uz otrdienu -25 gr\u0101di Baltkrievij\u0101 un -28 gr\u0101di Krievijas Eiropas da\u013cas zieme\u013caustrumos.<\/p>\n","protected":false},"excerpt":{"rendered":"Saska\u0146\u0101 ar Latvijas Vides, \u0123eolo\u0123ijas un meteorolo\u0123ijas centra (LV\u0122MC) inform\u0101ciju gaisa temperat\u016bra plkst. 9 bija no -9,2 gr\u0101diem&hellip;\n","protected":false},"author":2,"featured_media":109345,"comment_status":"","ping_status":"","sticky":false,"template":"","format":"standard","meta":{"footnotes":""},"categories":[5],"tags":[23,28,29,32,33,22,1811,396,397,30,31,35,39,38,36,37,34,40,20,26,27,24,25,21],"class_list":{"0":"post-109344","1":"post","2":"type-post","3":"status-publish","4":"format-standard","5":"has-post-thumbnail","7":"category-aktualitates","8":"tag-aktualitates","9":"tag-breaking-news","10":"tag-breakingnews","11":"tag-featured-news","12":"tag-featurednews","13":"tag-headlines","14":"tag-laika-zina","15":"tag-laika-zinas","16":"tag-laikapstakli","17":"tag-latest-news","18":"tag-latestnews","19":"tag-latvia","20":"tag-latvian","21":"tag-latviesu","22":"tag-latviesu-valoda","23":"tag-latviesuvaloda","24":"tag-latvija","25":"tag-lv","26":"tag-news","27":"tag-popularakas-zinas","28":"tag-popularakaszinas","29":"tag-top-stories","30":"tag-topstories","31":"tag-zinas"},"share_on_mastodon":{"url":"https:\/\/pubeurope.com\/@lv\/115927084217914021","error":""},"_links":{"self":[{"href":"https:\/\/www.europesays.com\/lv\/wp-json\/wp\/v2\/posts\/109344","targetHints":{"allow":["GET"]}}],"collection":[{"href":"https:\/\/www.europesays.com\/lv\/wp-json\/wp\/v2\/posts"}],"about":[{"href":"https:\/\/www.europesays.com\/lv\/wp-json\/wp\/v2\/types\/post"}],"author":[{"embeddable":true,"href":"https:\/\/www.europesays.com\/lv\/wp-json\/wp\/v2\/users\/2"}],"replies":[{"embeddable":true,"href":"https:\/\/www.europesays.com\/lv\/wp-json\/wp\/v2\/comments?post=109344"}],"version-history":[{"count":0,"href":"https:\/\/www.europesays.com\/lv\/wp-json\/wp\/v2\/posts\/109344\/revisions"}],"wp:featuredmedia":[{"embeddable":true,"href":"https:\/\/www.europesays.com\/lv\/wp-json\/wp\/v2\/media\/109345"}],"wp:attachment":[{"href":"https:\/\/www.europesays.com\/lv\/wp-json\/wp\/v2\/media?parent=109344"}],"wp:term":[{"taxonomy":"category","embeddable":true,"href":"https:\/\/www.europesays.com\/lv\/wp-json\/wp\/v2\/categories?post=109344"},{"taxonomy":"post_tag","embeddable":true,"href":"https:\/\/www.europesays.com\/lv\/wp-json\/wp\/v2\/tags?post=109344"}],"curies":[{"name":"wp","href":"https:\/\/api.w.org\/{rel}","templated":true}]}}