{"id":109364,"date":"2026-01-20T11:24:07","date_gmt":"2026-01-20T11:24:07","guid":{"rendered":"https:\/\/www.europesays.com\/lv\/109364\/"},"modified":"2026-01-20T11:24:07","modified_gmt":"2026-01-20T11:24:07","slug":"zz-dats-pern-elektroniski-sagatavoti-521-nin-maksasanas-pazinojumu-dienas-bizness","status":"publish","type":"post","link":"https:\/\/www.europesays.com\/lv\/109364\/","title":{"rendered":"ZZ Dats: P\u0113rn elektroniski sagatavoti 52,1% N\u012aN maks\u0101\u0161anas pazi\u0146ojumu :: Dienas Bizness"},"content":{"rendered":"<p class=\"text-font font-size--text-xlarge margin-3--bottom font-weight--bold padding-1--top\">Fizisk\u0101m person\u0101m 2025. gad\u0101 elektroniski pieg\u0101d\u0101ta vair\u0101k nek\u0101 puse jeb 52,1% no nekustam\u0101 \u012bpa\u0161uma nodok\u013ca (N\u012aN) maks\u0101\u0161anas pazi\u0146ojumiem, inform\u0113ja port\u0101la &#8220;www.epakalpojumi.lv&#8221; izstr\u0101d\u0101t\u0101ja un uztur\u0113t\u0101ja SIA &#8220;ZZ Dats&#8221;.<\/p>\n<p class=\"text-font font-size--text-xlarge margin-3--bottom\">2021. gad\u0101 tikai 25,5% N\u012aN maks\u0101\u0161anas pazi\u0146ojumu fizisk\u0101m person\u0101m tika nos\u016bt\u012bti elektroniski, 2024. gad\u0101 &#8211; jau 41,9%, bet 2025. gad\u0101 &#8211; 52,1%.<\/p>\n<p class=\"text-font font-size--text-xlarge margin-3--bottom\">P\u0113rn vair\u0101kas pa\u0161vald\u012bbas p\u0101rsniedza 60% robe\u017eu fizisk\u0101m person\u0101m elektroniski pieg\u0101d\u0101to maks\u0101\u0161anas pazi\u0146ojumu zi\u0146\u0101. Tas izdev\u0101s \u0100da\u017eu, Kuld\u012bgas, \u0136ekavas, M\u0101rupes, Olaines, Prei\u013cu, Saulkrastu un Tukuma novados.<\/p>\n<p class=\"text-font font-size--text-xlarge margin-3--bottom\">Divu gadu period\u0101 vair\u0101k\u0101m pa\u0161vald\u012bb\u0101m izdevies b\u016btiski &#8211; vair\u0101k nek\u0101 par 20 procentpunktiem &#8211; palielin\u0101t fizisk\u0101m person\u0101m elektroniski pieg\u0101d\u0101to N\u012aN maks\u0101\u0161anas pazi\u0146ojumu skaitu. Tas izdevies Dienvidkurzemes, M\u0101rupes, Saulkrastu, Tukuma un Valkas novadu N\u012aN maks\u0101t\u0101jiem.<\/p>\n<p class=\"text-font font-size--text-xlarge margin-3--bottom\">Pa\u0161vald\u012bbas patlaban apr\u0113\u0137ina N\u012aN 2026. gadam un janv\u0101ra beig\u0101s s\u0101ks pak\u0101penisku N\u012aN maks\u0101\u0161anas pazi\u0146ojumu izs\u016bt\u012b\u0161anu. Nekustamo \u012bpa\u0161umu \u012bpa\u0161niekus, kuri aizvien sa\u0146em N\u012aN maks\u0101\u0161anas pazi\u0146ojumus sav\u0101s pasta kast\u012bt\u0113s, &#8220;ZZ Dats&#8221; aicina operat\u012bvi pieteikties to sa\u0146em\u0161anai elektroniski.<\/p>\n<p class=\"text-font font-size--text-xlarge margin-3--bottom\">Fizisk\u0101m un juridisk\u0101m person\u0101m, aktiviz\u0113jot ofici\u0101lo e-adresi, papildu darb\u012bbas nav j\u0101veic, un pa\u0161vald\u012bba N\u012aN maks\u0101\u0161anas pazi\u0146ojumus autom\u0101tiski nos\u016bt\u012bs ofici\u0101laj\u0101 e-adres\u0113.<\/p>\n<p class=\"text-font font-size--text-xlarge margin-3--bottom\">Ja nekustam\u0101 \u012bpa\u0161uma \u012bpa\u0161niekam nav elektronisku autentifik\u0101cijas l\u012bdzek\u013cu, iesniegumu N\u012aN maks\u0101\u0161anas pazi\u0146ojuma sa\u0146em\u0161anai elektroniski var aizpild\u012bt pa\u0161vald\u012bbu klientu apkalpo\u0161anas centros. Ja \u012bpa\u0161umi atrodas da\u017e\u0101d\u0101s pa\u0161vald\u012bb\u0101s, katrai pa\u0161vald\u012bbai iesniegums j\u0101sniedz atsevi\u0161\u0137i.<\/p>\n<p class=\"text-font font-size--text-xlarge margin-3--bottom\">&#8220;ZZ Dats&#8221; direktors Ed\u017eus \u017deiris skaidro, ka N\u012aN maks\u0101\u0161anas pazi\u0146ojumu pieg\u0101de elektroniski noz\u012bm\u0113 ne tikai \u0113rt\u0101ku un \u0101tr\u0101ku inform\u0101cijas apriti iedz\u012bvot\u0101jiem, bet ar\u012b sniedz b\u016btisku finan\u0161u ietaup\u012bjumu pa\u0161vald\u012bb\u0101m. Jau vair\u0101kus gadus, aktualiz\u0113jot p\u0101reju uz elektronisku N\u012aN maks\u0101\u0161anas pazi\u0146ojumu sa\u0146em\u0161anu un aicinot iedz\u012bvot\u0101jus \u0161im nol\u016bkam re\u0123istr\u0113t e-pasta adresi vai ofici\u0101lo e-adresi, &#8220;ZZ Dats&#8221; saskata skaidru tendenci &#8211; druk\u0101to pazi\u0146ojumu apjoms pak\u0101peniski samazin\u0101s. Vid\u0113ji pa\u0161vald\u012bbai \u0161\u012bs izmaksas ir ap 20 000 eiro gad\u0101, bet vis\u0101 valst\u012b &#8211; vair\u0101k nek\u0101 miljons eiro.<\/p>\n<p class=\"text-font font-size--text-xlarge margin-3--bottom\">&#8220;ZZ Dats&#8221; 2024. gad\u0101 str\u0101d\u0101ja ar 17,662 miljonu eiro apgroz\u012bjumu un 3,495 miljonu eiro pe\u013c\u0146u.<\/p>\n<p class=\"text-font font-size--text-xlarge margin-3--bottom\">Komp\u0101nija &#8220;ZZ Dats&#8221; re\u0123istr\u0113ta 1995. gad\u0101, un uz\u0146\u0113muma pamatkapit\u0101ls ir 40 000 eiro. &#8220;ZZ Dats&#8221; kapit\u0101l\u0101 75% \u012bpa\u0161niece ir Inga Ziema, bet 25% pieder \u017deirim.<\/p>\n","protected":false},"excerpt":{"rendered":"Fizisk\u0101m person\u0101m 2025. gad\u0101 elektroniski pieg\u0101d\u0101ta vair\u0101k nek\u0101 puse jeb 52,1% no nekustam\u0101 \u012bpa\u0161uma nodok\u013ca (N\u012aN) maks\u0101\u0161anas pazi\u0146ojumiem,&hellip;\n","protected":false},"author":2,"featured_media":109365,"comment_status":"","ping_status":"","sticky":false,"template":"","format":"standard","meta":{"footnotes":""},"categories":[5],"tags":[23,869,77,870,28,29,867,32,33,22,30,31,35,39,38,36,37,34,871,868,40,20,26,27,24,25,21],"class_list":{"0":"post-109364","1":"post","2":"type-post","3":"status-publish","4":"format-standard","5":"has-post-thumbnail","7":"category-aktualitates","8":"tag-aktualitates","9":"tag-biznesa-zinas","10":"tag-bizness","11":"tag-bizness-latvija","12":"tag-breaking-news","13":"tag-breakingnews","14":"tag-dienas-zinas","15":"tag-featured-news","16":"tag-featurednews","17":"tag-headlines","18":"tag-latest-news","19":"tag-latestnews","20":"tag-latvia","21":"tag-latvian","22":"tag-latviesu","23":"tag-latviesu-valoda","24":"tag-latviesuvaloda","25":"tag-latvija","26":"tag-latvijas-biznesa-zinas","27":"tag-latvijas-zinas","28":"tag-lv","29":"tag-news","30":"tag-popularakas-zinas","31":"tag-popularakaszinas","32":"tag-top-stories","33":"tag-topstories","34":"tag-zinas"},"share_on_mastodon":{"url":"https:\/\/pubeurope.com\/@lv\/115927178695930053","error":""},"_links":{"self":[{"href":"https:\/\/www.europesays.com\/lv\/wp-json\/wp\/v2\/posts\/109364","targetHints":{"allow":["GET"]}}],"collection":[{"href":"https:\/\/www.europesays.com\/lv\/wp-json\/wp\/v2\/posts"}],"about":[{"href":"https:\/\/www.europesays.com\/lv\/wp-json\/wp\/v2\/types\/post"}],"author":[{"embeddable":true,"href":"https:\/\/www.europesays.com\/lv\/wp-json\/wp\/v2\/users\/2"}],"replies":[{"embeddable":true,"href":"https:\/\/www.europesays.com\/lv\/wp-json\/wp\/v2\/comments?post=109364"}],"version-history":[{"count":0,"href":"https:\/\/www.europesays.com\/lv\/wp-json\/wp\/v2\/posts\/109364\/revisions"}],"wp:featuredmedia":[{"embeddable":true,"href":"https:\/\/www.europesays.com\/lv\/wp-json\/wp\/v2\/media\/109365"}],"wp:attachment":[{"href":"https:\/\/www.europesays.com\/lv\/wp-json\/wp\/v2\/media?parent=109364"}],"wp:term":[{"taxonomy":"category","embeddable":true,"href":"https:\/\/www.europesays.com\/lv\/wp-json\/wp\/v2\/categories?post=109364"},{"taxonomy":"post_tag","embeddable":true,"href":"https:\/\/www.europesays.com\/lv\/wp-json\/wp\/v2\/tags?post=109364"}],"curies":[{"name":"wp","href":"https:\/\/api.w.org\/{rel}","templated":true}]}}