{"id":109428,"date":"2026-01-20T12:24:10","date_gmt":"2026-01-20T12:24:10","guid":{"rendered":"https:\/\/www.europesays.com\/lv\/109428\/"},"modified":"2026-01-20T12:24:10","modified_gmt":"2026-01-20T12:24:10","slug":"ceru-ka-sogad-beidzot-varesim-iegut-grand-slam-titulu-teniss-sportacentrs-com","status":"publish","type":"post","link":"https:\/\/www.europesays.com\/lv\/109428\/","title":{"rendered":"&#8220;Ceru, ka \u0161ogad beidzot var\u0113sim ieg\u016bt &#8220;Grand Slam&#8221; titulu&#8221; \u2013 Teniss \u2013 Sportacentrs.com"},"content":{"rendered":"<p>Vai sezonas pirm\u0101 uzvara viensp\u0113l\u0113s dos p\u0101rliec\u012bbu par saviem sp\u0113kiem ar\u012b sezonas turpin\u0101jum\u0101? &#8220;Man bija laba pirmssezona, tom\u0113r sezonas pirmajos divos ma\u010dos nesp\u0113l\u0113ju labi. Jutu, ka mana sp\u0113le turpat vien ir, it sevi\u0161\u0137i treni\u0146os, kad aizvad\u012bju daudzus treni\u0146u setus un liel\u0101ko da\u013cu uzvar\u0113ju. T\u0101 k\u0101 cen\u0161os p\u0101rnest to bezbail\u012bgo sniegumu no treni\u0146iem uz sp\u0113li,&#8221; atkl\u0101j Latvijas tenisiste.<\/p>\n<p>&#8220;Australian Open&#8221; laukumi \u0161ogad ir \u0101tr\u0101ki nek\u0101 iepriek\u0161. &#8220;Ar manu sp\u0113les stilu man pat\u012bk \u0101tri laukumi. J\u016btu, ka daudzos turn\u012bros laukumi ir patie\u0161\u0101m l\u0113ni. T\u0101d\u0113j\u0101di lieliski, ka tagad ir \u0101tri laukumi.&#8221;<\/p>\n<p>Latvijas-Taiv\u0101nas tand\u0113ms A\u013cona Ostapenko\/Suvei \u0160ei turpina sadarb\u012bbu ar\u012b \u0161ogad. &#8220;Suvei ir lieliska sp\u0113l\u0113t\u0101ja, m\u016bsu \u0137\u012bmija darbojas \u013coti labi. Un ceru, ka \u0161ogad beidzot var\u0113sim ieg\u016bt &#8220;Grand Slam&#8221; titulu, jo pag\u0101ju\u0161aj\u0101 gad\u0101 divas reizes bij\u0101m tik tuvu tam. Viena otru j\u016btam arvien lab\u0101k. Jo vair\u0101k sp\u0113l\u0113jam, jo k\u013c\u016bstam lab\u0101ka komanda,&#8221; saka m\u016bsu tenisiste.<\/p>\n<p>21. janv\u0101r\u012b p\u0113c plkst. 5.30 dubultsp\u0113\u013cu pirmaj\u0101 k\u0101rt\u0101 pret\u012b st\u0101sies Austr\u0101lijas-ASV p\u0101rst\u0101ves Ol\u012bvija Gadecki un Dezir\u0113 Krav\u010dika.<\/p>\n<p>Izmantotie resursi:<br \/>Australian Open<\/p>\n","protected":false},"excerpt":{"rendered":"Vai sezonas pirm\u0101 uzvara viensp\u0113l\u0113s dos p\u0101rliec\u012bbu par saviem sp\u0113kiem ar\u012b sezonas turpin\u0101jum\u0101? &#8220;Man bija laba pirmssezona, tom\u0113r&hellip;\n","protected":false},"author":2,"featured_media":109429,"comment_status":"","ping_status":"","sticky":false,"template":"","format":"standard","meta":{"footnotes":""},"categories":[5],"tags":[23,28,29,32,33,22,30,31,35,39,38,36,37,34,40,20,26,27,683,24,25,21],"class_list":{"0":"post-109428","1":"post","2":"type-post","3":"status-publish","4":"format-standard","5":"has-post-thumbnail","7":"category-aktualitates","8":"tag-aktualitates","9":"tag-breaking-news","10":"tag-breakingnews","11":"tag-featured-news","12":"tag-featurednews","13":"tag-headlines","14":"tag-latest-news","15":"tag-latestnews","16":"tag-latvia","17":"tag-latvian","18":"tag-latviesu","19":"tag-latviesu-valoda","20":"tag-latviesuvaloda","21":"tag-latvija","22":"tag-lv","23":"tag-news","24":"tag-popularakas-zinas","25":"tag-popularakaszinas","26":"tag-teniss","27":"tag-top-stories","28":"tag-topstories","29":"tag-zinas"},"share_on_mastodon":{"url":"https:\/\/pubeurope.com\/@lv\/115927414481026182","error":""},"_links":{"self":[{"href":"https:\/\/www.europesays.com\/lv\/wp-json\/wp\/v2\/posts\/109428","targetHints":{"allow":["GET"]}}],"collection":[{"href":"https:\/\/www.europesays.com\/lv\/wp-json\/wp\/v2\/posts"}],"about":[{"href":"https:\/\/www.europesays.com\/lv\/wp-json\/wp\/v2\/types\/post"}],"author":[{"embeddable":true,"href":"https:\/\/www.europesays.com\/lv\/wp-json\/wp\/v2\/users\/2"}],"replies":[{"embeddable":true,"href":"https:\/\/www.europesays.com\/lv\/wp-json\/wp\/v2\/comments?post=109428"}],"version-history":[{"count":0,"href":"https:\/\/www.europesays.com\/lv\/wp-json\/wp\/v2\/posts\/109428\/revisions"}],"wp:featuredmedia":[{"embeddable":true,"href":"https:\/\/www.europesays.com\/lv\/wp-json\/wp\/v2\/media\/109429"}],"wp:attachment":[{"href":"https:\/\/www.europesays.com\/lv\/wp-json\/wp\/v2\/media?parent=109428"}],"wp:term":[{"taxonomy":"category","embeddable":true,"href":"https:\/\/www.europesays.com\/lv\/wp-json\/wp\/v2\/categories?post=109428"},{"taxonomy":"post_tag","embeddable":true,"href":"https:\/\/www.europesays.com\/lv\/wp-json\/wp\/v2\/tags?post=109428"}],"curies":[{"name":"wp","href":"https:\/\/api.w.org\/{rel}","templated":true}]}}