{"id":10943,"date":"2025-10-03T00:32:08","date_gmt":"2025-10-03T00:32:08","guid":{"rendered":"https:\/\/www.europesays.com\/lv\/10943\/"},"modified":"2025-10-03T00:32:08","modified_gmt":"2025-10-03T00:32:08","slug":"odesa-pec-dronu-trieciena-palikusi-bez-elektribas-un-udens-lente-lv","status":"publish","type":"post","link":"https:\/\/www.europesays.com\/lv\/10943\/","title":{"rendered":"Odesa p\u0113c dronu trieciena palikusi bez elektr\u012bbas un \u016bdens\u00a0\u2014\u00a0Lente.lv"},"content":{"rendered":"<p>Odesa bez elektr\u012bbas un \u016bdens p\u0113c Krievijas dronu trieciena<\/p>\n<p>Odesas pils\u0113ta ir piedz\u012bvojusi nopietnus infrastrukt\u016bras boj\u0101jumus p\u0113c Krievijas veikta dronu uzbrukuma nakt\u012b uz ceturtdienu, 3. oktobr\u012b, 2025. gad\u0101. Vair\u0101ki pils\u0113tas rajoni ir paliku\u0161i bez elektroapg\u0101des un \u016bdens, radot satraukumu iedz\u012bvot\u0101ju vid\u016b. Uzbrukuma rezult\u0101t\u0101 izc\u0113lies ar\u012b iespaid\u012bgs ugunsgr\u0113ks, apgr\u016btinot situ\u0101ciju.<\/p>\n<p>Detaliz\u0113ta inform\u0101cija par uzbrukumu<\/p>\n<p>Saska\u0146\u0101 ar viet\u0113jo zi\u0146u avotu inform\u0101ciju, uzbrukums Odesai un t\u0101s apk\u0101rtnei noticis ap plkst. 3:00 no r\u012bta, izmantojot aptuveni 20 &#8220;Shahed&#8221; tipa dronus. Da\u017ei no droniem ir tr\u0101p\u012bju\u0161i ener\u0123\u0113tikas objektos, izraisot pla\u0161us elektroener\u0123ijas p\u0101rtraukumus. &#8220;P\u0113c trieciena ener\u0123\u0113tikas nozarei tagad debes\u012bs ir milz\u012bga atbl\u0101zma. Da\u017eiem iedz\u012bvot\u0101jiem nav nedz elektr\u012bbas, nedz \u016bdens,&#8221; zi\u0146o &#8220;Odesa INFO&#8221; kan\u0101ls, pievienojot video, kas dokument\u0113 notiku\u0161\u0101 m\u0113rogu.<\/p>\n<p>Sekas un rea\u0123\u0113\u0161ana<\/p>\n<p>Pla\u0161ais elektr\u012bbas un \u016bdens atsl\u0113gums rada iev\u0113rojamu apgr\u016btin\u0101jumu pils\u0113tas iedz\u012bvot\u0101jiem. Ir izc\u0113lu\u0161ies lieli ugunsgr\u0113ki, kas liecina par uzbrukuma posto\u0161o raksturu. Av\u0101rijas dienesti str\u0101d\u0101 pie boj\u0101jumu nov\u0113r\u0161anas un cen\u0161as p\u0113c iesp\u0113jas \u0101tr\u0101k atjaunot elektroener\u0123ijas un \u016bdens pieg\u0101di. \u0160\u0101di uzbrukumi ir da\u013ca no pla\u0161\u0101kas Krievijas agresijas pret Ukrainu, kas turpin\u0101s jau kop\u0161 2022. gada febru\u0101ra.<\/p>\n<p>Pla\u0161a perspekt\u012bva<\/p>\n<p>\u0160is incidents Odes\u0101 nav izol\u0113ts gad\u012bjums, bet gan da\u013ca no past\u0101v\u012bgajiem Krievijas uzbrukumiem Ukrainas kritiskajai infrastrukt\u016brai. Iepriek\u0161\u0113j\u0101s zi\u0146\u0101s ir inform\u0101cija par cit\u0101m l\u012bdz\u012bg\u0101m ofens\u012bv\u0101m, kas v\u0113rstas pret ener\u0123\u0113tikas objektiem un cit\u0101m svar\u012bg\u0101m civilaj\u0101m infrastrukt\u016br\u0101m. Krievija ir izmantojusi gan ra\u0137etes, gan dronus, lai rad\u012btu maksim\u0101lu kait\u0113jumu un destabiliz\u0113tu situ\u0101ciju Ukrain\u0101. \u0160\u0101di uzbrukumi bie\u017ei vien ir atbilde uz Ukrainas veiksm\u012bgajiem triecieniem Krievijas teritorij\u0101.<\/p>\n<p>Starptautisk\u0101 reakcija un atbalsts<\/p>\n<p>Neskatoties uz Krievijas agresiju, Ukraina turpina sa\u0146emt atbalstu no starptautiskajiem partneriem. ASV ir ap\u0146\u0113mu\u0161\u0101s sniegt Ukrainai izl\u016bkdatus, lai pal\u012bdz\u0113tu veikt triecienus pret Krievijas ener\u0123\u0113tikas objektiem, mudinot ar\u012b citas NATO valstis r\u012bkoties l\u012bdz\u012bgi. \u0160\u0101di so\u013ci liecina par starptautisk\u0101s sabiedr\u012bbas gatav\u012bbu pal\u012bdz\u0113t Ukrainai aizst\u0101v\u0113ties un atbild\u0113t agresoram. Pils\u0113tas atjauno\u0161anas un iedz\u012bvot\u0101ju atbalsta jaut\u0101jumi paliek priorit\u0101te.<\/p>\n","protected":false},"excerpt":{"rendered":"Odesa bez elektr\u012bbas un \u016bdens p\u0113c Krievijas dronu trieciena Odesas pils\u0113ta ir piedz\u012bvojusi nopietnus infrastrukt\u016bras boj\u0101jumus p\u0113c Krievijas&hellip;\n","protected":false},"author":2,"featured_media":10944,"comment_status":"","ping_status":"","sticky":false,"template":"","format":"standard","meta":{"footnotes":""},"categories":[5],"tags":[23,28,29,4085,4086,32,33,22,4087,30,31,35,39,38,36,37,34,40,20,4010,26,27,24,25,4088,21],"class_list":{"0":"post-10943","1":"post","2":"type-post","3":"status-publish","4":"format-standard","5":"has-post-thumbnail","7":"category-aktualitates","8":"tag-aktualitates","9":"tag-breaking-news","10":"tag-breakingnews","11":"tag-dronu-trieciens","12":"tag-elektribas-atslegums","13":"tag-featured-news","14":"tag-featurednews","15":"tag-headlines","16":"tag-krievijas-uzbrukums","17":"tag-latest-news","18":"tag-latestnews","19":"tag-latvia","20":"tag-latvian","21":"tag-latviesu","22":"tag-latviesu-valoda","23":"tag-latviesuvaloda","24":"tag-latvija","25":"tag-lv","26":"tag-news","27":"tag-odesa","28":"tag-popularakas-zinas","29":"tag-popularakaszinas","30":"tag-top-stories","31":"tag-topstories","32":"tag-ukrainas-infrastruktura","33":"tag-zinas"},"share_on_mastodon":{"url":"","error":""},"_links":{"self":[{"href":"https:\/\/www.europesays.com\/lv\/wp-json\/wp\/v2\/posts\/10943","targetHints":{"allow":["GET"]}}],"collection":[{"href":"https:\/\/www.europesays.com\/lv\/wp-json\/wp\/v2\/posts"}],"about":[{"href":"https:\/\/www.europesays.com\/lv\/wp-json\/wp\/v2\/types\/post"}],"author":[{"embeddable":true,"href":"https:\/\/www.europesays.com\/lv\/wp-json\/wp\/v2\/users\/2"}],"replies":[{"embeddable":true,"href":"https:\/\/www.europesays.com\/lv\/wp-json\/wp\/v2\/comments?post=10943"}],"version-history":[{"count":0,"href":"https:\/\/www.europesays.com\/lv\/wp-json\/wp\/v2\/posts\/10943\/revisions"}],"wp:featuredmedia":[{"embeddable":true,"href":"https:\/\/www.europesays.com\/lv\/wp-json\/wp\/v2\/media\/10944"}],"wp:attachment":[{"href":"https:\/\/www.europesays.com\/lv\/wp-json\/wp\/v2\/media?parent=10943"}],"wp:term":[{"taxonomy":"category","embeddable":true,"href":"https:\/\/www.europesays.com\/lv\/wp-json\/wp\/v2\/categories?post=10943"},{"taxonomy":"post_tag","embeddable":true,"href":"https:\/\/www.europesays.com\/lv\/wp-json\/wp\/v2\/tags?post=10943"}],"curies":[{"name":"wp","href":"https:\/\/api.w.org\/{rel}","templated":true}]}}