{"id":109450,"date":"2026-01-20T12:54:04","date_gmt":"2026-01-20T12:54:04","guid":{"rendered":"https:\/\/www.europesays.com\/lv\/109450\/"},"modified":"2026-01-20T12:54:04","modified_gmt":"2026-01-20T12:54:04","slug":"gaidamaja-nakti-gaisa-temperatura-sasniegs-25-gradus-tvnet-laika-zinas","status":"publish","type":"post","link":"https:\/\/www.europesays.com\/lv\/109450\/","title":{"rendered":"Gaid\u0101maj\u0101 nakt\u012b gaisa temperat\u016bra sasniegs -25 gr\u0101dus &#8211; TVNET &#8211; Laika zi\u0146as"},"content":{"rendered":"<ol>\n<li><a href=\"https:\/\/news.google.com\/rss\/articles\/CBMijgFBVV95cUxOWldEZGpNVE83VG9SeERoRkpEdnd0aVBnSkxLTU83QjN0bWFFTTQ1Tks2bHdPTzBFaHRUQWFpWFFKNTJZX1h4d2tXLXc5TllXWUxLLVlpZjNtWE9lM0gzal9xTWxlLXFyVVZnZnZYQ0wwN2c2WlNCd2pSZS1uZHRsRk03QjBQZlRocW92Y0xn?oc=5\" target=\"_blank\" rel=\"nofollow noopener\">Gaid\u0101maj\u0101 nakt\u012b gaisa temperat\u016bra sasniegs -25 gr\u0101dus<\/a>&nbsp;&nbsp;TVNET &#8211; Laika zi\u0146as<\/li>\n<li><a href=\"https:\/\/news.google.com\/rss\/articles\/CBMi3AFBVV95cUxQYVhvV3hBT2NIemRhS0sxaHZQZDlfQ1VOd2hVaVZpR3ZlbnhJaHVHNXZrLWVsQzN6VTlWdm5RZEg4dHQwX2lfWmJwc3Z2Qjg3MUVPMGNaYi1kUWNVUENQQkxLU19HbWtPeDcydTQtb0RwdThjUmNrWGF6WHVKdGM4blZfbGNvYU52NDVROXBRUXBXcnZqYXdod3dCRmNlVURjTEtxUDkzMWwtSmZLYUk1WU9qMFR4MnhieUV6OWVQRUpYZC1INElDNUJ4ZjQyOTR2R0hYckZYRmVVVVZI?oc=5\" target=\"_blank\" rel=\"nofollow noopener\">Aukst\u0101kais laiks b\u016bs ned\u0113\u013cas pirmaj\u0101 pus\u0113, bet ar\u012b p\u0113c tam sals neatk\u0101psies \/ Raksts<\/a>&nbsp;&nbsp;LSM<\/li>\n<li><a href=\"https:\/\/news.google.com\/rss\/articles\/CBMiyAFBVV95cUxOZFh4aEp6eUhMUVBjNk5BR3h3Qzd6NWlHaEg0ZXRoem1oVVloanRxLVlSOHJvZEwxSG5YcUVsWjRqUXJhWTl6ZElsNEFCOWtkLTQyUEpJbkFfLVMxMFdfZXhxcmpfcXc3bC1SbE1jZmFrczBYRkpoLVJBSUVuZjVmLVBXc3FCVjItQXVWUHdVUWpLY1Jpa2xqZzQxV1ZNRzFYLWdHS3M1YzhKUjRNdUJsOFc0enN1SEhpOHhaemNCSThqeUZnQ3h5ZA?oc=5\" target=\"_blank\" rel=\"nofollow noopener\">Prognozes par -30\u00b0C bija p\u0101rsteidz\u012bgas \u2013 Toms Bricis past\u0101sta, cik gr\u0101du Latvij\u0101 var\u0113tu b\u016bt pa\u0161\u0101s aukst\u0101kaj\u0101s nakt\u012bs<\/a>&nbsp;&nbsp;LA.LV<\/li>\n<li><a href=\"https:\/\/news.google.com\/rss\/articles\/CBMivwFBVV95cUxQN0JSa1F5TVJLNmNwdklMNVlkVVMzU1Y1VGZPSnVRM3AzX1BrYUhBZWFZby1IakxqNVJENjFqV2w2eko4Yk9zTGZfemJLSkhIcnE0OTJDalFIb2RZSC1zdGZsWjN0TXJqdzhJaWp1bG14c2pjS1o4VWdtSm9Rd08zdHdJRUpvelBRN2tyQzdCTXhBNVE3OTR5QUYxdjZ4bEtlNlNmUng5T2JjWVpwX2pnM3hmeGJ2UlVQZm9TSzJIcw?oc=5\" target=\"_blank\" rel=\"nofollow noopener\">No pirmdienas vakara Latvijas austrumu da\u013c\u0101 b\u016bs sp\u0113k\u0101 dzeltenais br\u012bdin\u0101jums par stipru salu<\/a>&nbsp;&nbsp;Apollo.lv<\/li>\n<li><a href=\"https:\/\/news.google.com\/rss\/articles\/CBMikwFBVV95cUxPSzdYVGNfMk45aEdHaWYwZVllTnp5WlBrRXlDVV90ZXFZVjdnMUZrRlFuZVBrZG1wdkY4MGw2NUVSMmVpMWM5Z1dYaG5SbGtjYzZURzBhUEwzS2FkQ1h5Z0tGeEhLdDBwaTZwMjJrQTU3dG1kbnR6UDJHelZaWHRhVDljczkwTXNONnJzZjFJYzFQTW8?oc=5\" target=\"_blank\" rel=\"nofollow noopener\">Toms Bricis nomierina: aukst\u0101k par -25 nevajadz\u0113tu b\u016bt<\/a>&nbsp;&nbsp;Jauns.lv<\/li>\n<\/ol>\n","protected":false},"excerpt":{"rendered":"Gaid\u0101maj\u0101 nakt\u012b gaisa temperat\u016bra sasniegs -25 gr\u0101dus&nbsp;&nbsp;TVNET &#8211; Laika zi\u0146as Aukst\u0101kais laiks b\u016bs ned\u0113\u013cas pirmaj\u0101 pus\u0113, bet ar\u012b&hellip;\n","protected":false},"author":2,"featured_media":109345,"comment_status":"","ping_status":"","sticky":false,"template":"","format":"standard","meta":{"footnotes":""},"categories":[5],"tags":[23,28,29,32,33,22,396,30,31,35,39,38,36,37,34,40,20,26,27,24,25,21],"class_list":{"0":"post-109450","1":"post","2":"type-post","3":"status-publish","4":"format-standard","5":"has-post-thumbnail","7":"category-aktualitates","8":"tag-aktualitates","9":"tag-breaking-news","10":"tag-breakingnews","11":"tag-featured-news","12":"tag-featurednews","13":"tag-headlines","14":"tag-laika-zinas","15":"tag-latest-news","16":"tag-latestnews","17":"tag-latvia","18":"tag-latvian","19":"tag-latviesu","20":"tag-latviesu-valoda","21":"tag-latviesuvaloda","22":"tag-latvija","23":"tag-lv","24":"tag-news","25":"tag-popularakas-zinas","26":"tag-popularakaszinas","27":"tag-top-stories","28":"tag-topstories","29":"tag-zinas"},"share_on_mastodon":{"url":"https:\/\/pubeurope.com\/@lv\/115927532426450749","error":""},"_links":{"self":[{"href":"https:\/\/www.europesays.com\/lv\/wp-json\/wp\/v2\/posts\/109450","targetHints":{"allow":["GET"]}}],"collection":[{"href":"https:\/\/www.europesays.com\/lv\/wp-json\/wp\/v2\/posts"}],"about":[{"href":"https:\/\/www.europesays.com\/lv\/wp-json\/wp\/v2\/types\/post"}],"author":[{"embeddable":true,"href":"https:\/\/www.europesays.com\/lv\/wp-json\/wp\/v2\/users\/2"}],"replies":[{"embeddable":true,"href":"https:\/\/www.europesays.com\/lv\/wp-json\/wp\/v2\/comments?post=109450"}],"version-history":[{"count":0,"href":"https:\/\/www.europesays.com\/lv\/wp-json\/wp\/v2\/posts\/109450\/revisions"}],"wp:featuredmedia":[{"embeddable":true,"href":"https:\/\/www.europesays.com\/lv\/wp-json\/wp\/v2\/media\/109345"}],"wp:attachment":[{"href":"https:\/\/www.europesays.com\/lv\/wp-json\/wp\/v2\/media?parent=109450"}],"wp:term":[{"taxonomy":"category","embeddable":true,"href":"https:\/\/www.europesays.com\/lv\/wp-json\/wp\/v2\/categories?post=109450"},{"taxonomy":"post_tag","embeddable":true,"href":"https:\/\/www.europesays.com\/lv\/wp-json\/wp\/v2\/tags?post=109450"}],"curies":[{"name":"wp","href":"https:\/\/api.w.org\/{rel}","templated":true}]}}