{"id":109458,"date":"2026-01-20T13:01:09","date_gmt":"2026-01-20T13:01:09","guid":{"rendered":"https:\/\/www.europesays.com\/lv\/109458\/"},"modified":"2026-01-20T13:01:09","modified_gmt":"2026-01-20T13:01:09","slug":"kinoteatru-ekrani-rezerveti-uz-trim-nedelam-lente-lv","status":"publish","type":"post","link":"https:\/\/www.europesays.com\/lv\/109458\/","title":{"rendered":"kinote\u0101tru ekr\u0101ni rezerv\u0113ti uz trim ned\u0113\u013c\u0101m\u00a0\u2014\u00a0Lente.lv"},"content":{"rendered":"<p>Milz\u012bgs kinobalvas pret\u0113ji<\/p>\n<p>Sagaid\u0101ms, ka 2026. gada decembra s\u0101kums iez\u012bm\u0113s iev\u0113rojamu konfront\u0101ciju kino industrij\u0101. 18. decembr\u012b uz ekr\u0101niem vienlaic\u012bgi non\u0101ks filmas \u00abD\u012bna 3\u00bb (Dune 3) un \u00abAtrieb\u0113ji: Doktora D\u016bma atdzim\u0161ana\u00bb (Avengers: Doomsday). Lai gan neviena no studij\u0101m nepl\u0101no piek\u0101pties izn\u0101k\u0161anas datuma jaut\u0101jum\u0101, cer\u012bbas uz \u00abdraudz\u012bgu\u00bb efektu, l\u012bdz\u012bgu \u00abBarbenheimera\u00bb fenomenu, pagaid\u0101m ir mazas.<\/p>\n<p>IMAX ekr\u0101nu domin\u0113\u0161ana<\/p>\n<p>Saska\u0146\u0101 ar inform\u0101ciju no Empire City Box Office, filma \u00abD\u012bna 3\u00bb faktiski ir liegusi filmai \u00abAtrieb\u0113ji\u00bb piek\u013cuvi IMAX form\u0101ta seansiem, jo visi ekr\u0101ni ir rezerv\u0113ti uz trim ned\u0113\u013c\u0101m, s\u0101kot no filmas pirmizr\u0101des 18. decembr\u012b. \u0160is ir viens no iemesliem, k\u0101p\u0113c Warner Bros. atteic\u0101s p\u0101rcelt Den\u012b Viln\u0113va filmu, pat p\u0113c tam, kad Marvel un Disney pazi\u0146oja to pa\u0161u izn\u0101k\u0161anas datumu br\u0101\u013cu Ruso filmai.<\/p>\n<p>Viln\u0113va un IMAX cie\u0161\u0101s attiec\u012bbas<\/p>\n<p>T\u0101pat k\u0101 Kristofers Nolans, ar\u012b Den\u012b Viln\u0113vs uztur \u00absp\u0113c\u012bgas attiec\u012bbas\u00bb ar IMAX. Pag\u0101ju\u0161aj\u0101 gad\u0101 Kan\u0101das IMAX Corporation izpilddirektors Ri\u010dards Gefonds pats pazi\u0146oja, ka \u00abD\u012bna 3\u00bb tika film\u0113ta galvenok\u0101rt ar vi\u0146u form\u0101ta kamer\u0101m. \u0145emot v\u0113r\u0101, ka atrast jaunu datumu tr\u012bs ned\u0113\u013cu seansu nodro\u0161in\u0101\u0161anai b\u016bs sare\u017e\u0123\u012bti, Warner Bros. poz\u012bcija ir saprotama.<\/p>\n<p>Supervaro\u0146u filmu fanu sagaid\u012b\u0161ana<\/p>\n<p>Tom\u0113r paliek jaut\u0101jums, vai filma iztur\u0113s konfront\u0101ciju ar supervaro\u0146u fanu \u00abiebrukumu\u00bb. Pirmi \u010detri filmas \u00abAtrieb\u0113ji\u00bb t\u012bzeri kopum\u0101 sav\u0101ku\u0161i rekordlielu skat\u012bjumu skaitu \u2013 1 miljardu, un galveno varo\u0146u atgrie\u0161an\u0101s (da\u017eiem jaun\u0101s lom\u0101s) tikai vairo interesi.<\/p>\n<p>\u00abDunesday\u00bb \u2013 kop\u012bgs izn\u0101k\u0161anas datums<\/p>\n<p>Interesanti, ka galveno lomu atveidot\u0101ji Roberts Daunijs jaun\u0101kais (Doktora D\u016bma loma film\u0101 \u00abAtrieb\u0113ji\u00bb) un Timotijs \u0160alam\u0113 (Pola Atreida loma film\u0101 \u00abD\u012bna\u00bb) jau ir apspriedu\u0161i kop\u012bgo pirmizr\u0101des datumu un pat izdom\u0101ju\u0161i atbilsto\u0161u terminu \u2013 \u00abDunesday\u00bb. \u00abBet redz\u0113sim, vai l\u012bdz tam laikam paliksim draugi,\u00bb jokojis Daunijs filmas \u00abMartijs Supremums\u00bb (Marty Supreme) pirmizr\u0101d\u0113, kur\u0101 galven\u0101 loma bija \u0160alam\u0113.<\/p>\n<p>Tiekamies jaunaj\u0101 \u00abAtrieb\u0113ju\u00bb da\u013c\u0101<\/p>\n<p>\u00abAtrieb\u0113ji: Doktora D\u016bma atdzim\u0161ana\u00bb ir jau piekt\u0101 filma par Atrieb\u0113jiem, ta\u010du \u0161oreiz Daunijs par\u0101d\u012bsies galven\u0101 \u013caundara lom\u0101. Tiekamies ar\u012b ar St\u012bva Rod\u017eersa, Tora, Fantastisk\u0101s \u010detrinieka, Gr\u016bveru un X-cilv\u0113ku par\u0101d\u012b\u0161anos.<\/p>\n<p>Pola Atreida ce\u013c\u0161 uz imperatora troni<\/p>\n<p>Filma \u00abD\u012bna 3\u00bb st\u0101st\u012bs par Polu Atreidi jau vi\u0146a k\u0101 plan\u0113tas Arrakis imperatora status\u0101. \u0160alam\u0113, Zendaja, Florans Pj\u016b un Havjers Bardems atveidos savas iepriek\u0161\u0113j\u0101s lomas. D\u017eeisons Momoa par\u0101d\u012bsies k\u0101 gola (\u0123en\u0113tiski klon\u0113ta persona), bet vi\u0146a d\u0113ls atveidos vienu no jaunie\u0161iem dv\u012b\u0146iem, Pola un \u010cani b\u0113rniem. Ir baumas, ka aktieru sast\u0101vam pievienojusies ar\u012b A\u0146a Teilore-D\u017eoja, kura otraj\u0101 da\u013c\u0101 bija Pola pieaugu\u0161\u0101s m\u0101sas kameo lom\u0101, un Roberts Patinsons, iesp\u0113jams, galven\u0101 \u013caundara Skaiteila lom\u0101.<\/p>\n","protected":false},"excerpt":{"rendered":"Milz\u012bgs kinobalvas pret\u0113ji Sagaid\u0101ms, ka 2026. gada decembra s\u0101kums iez\u012bm\u0113s iev\u0113rojamu konfront\u0101ciju kino industrij\u0101. 18. decembr\u012b uz ekr\u0101niem&hellip;\n","protected":false},"author":2,"featured_media":109459,"comment_status":"","ping_status":"","sticky":false,"template":"","format":"standard","meta":{"footnotes":""},"categories":[19],"tags":[25937,25936,89,21365,90,25938,35,39,38,36,37,34,40,10115],"class_list":{"0":"post-109458","1":"post","2":"type-post","3":"status-publish","4":"format-standard","5":"has-post-thumbnail","7":"category-izklaide","8":"tag-atriebeji-doktora-duma-atdzimsana","9":"tag-dina-3","10":"tag-entertainment","11":"tag-imax","12":"tag-izklaide","13":"tag-kinoteatri","14":"tag-latvia","15":"tag-latvian","16":"tag-latviesu","17":"tag-latviesu-valoda","18":"tag-latviesuvaloda","19":"tag-latvija","20":"tag-lv","21":"tag-pirmizrade"},"share_on_mastodon":{"url":"https:\/\/pubeurope.com\/@lv\/115927559953249594","error":""},"_links":{"self":[{"href":"https:\/\/www.europesays.com\/lv\/wp-json\/wp\/v2\/posts\/109458","targetHints":{"allow":["GET"]}}],"collection":[{"href":"https:\/\/www.europesays.com\/lv\/wp-json\/wp\/v2\/posts"}],"about":[{"href":"https:\/\/www.europesays.com\/lv\/wp-json\/wp\/v2\/types\/post"}],"author":[{"embeddable":true,"href":"https:\/\/www.europesays.com\/lv\/wp-json\/wp\/v2\/users\/2"}],"replies":[{"embeddable":true,"href":"https:\/\/www.europesays.com\/lv\/wp-json\/wp\/v2\/comments?post=109458"}],"version-history":[{"count":0,"href":"https:\/\/www.europesays.com\/lv\/wp-json\/wp\/v2\/posts\/109458\/revisions"}],"wp:featuredmedia":[{"embeddable":true,"href":"https:\/\/www.europesays.com\/lv\/wp-json\/wp\/v2\/media\/109459"}],"wp:attachment":[{"href":"https:\/\/www.europesays.com\/lv\/wp-json\/wp\/v2\/media?parent=109458"}],"wp:term":[{"taxonomy":"category","embeddable":true,"href":"https:\/\/www.europesays.com\/lv\/wp-json\/wp\/v2\/categories?post=109458"},{"taxonomy":"post_tag","embeddable":true,"href":"https:\/\/www.europesays.com\/lv\/wp-json\/wp\/v2\/tags?post=109458"}],"curies":[{"name":"wp","href":"https:\/\/api.w.org\/{rel}","templated":true}]}}