{"id":109479,"date":"2026-01-20T13:18:20","date_gmt":"2026-01-20T13:18:20","guid":{"rendered":"https:\/\/www.europesays.com\/lv\/109479\/"},"modified":"2026-01-20T13:18:20","modified_gmt":"2026-01-20T13:18:20","slug":"persijas-lica-valstis-parliecina-trampu-attureties-no-militaras-intervences-irana-lente-lv-2","status":"publish","type":"post","link":"https:\/\/www.europesays.com\/lv\/109479\/","title":{"rendered":"Persijas l\u012b\u010da valstis p\u0101rliecina Trampu attur\u0113ties no milit\u0101ras intervences Ir\u0101n\u0101\u00a0\u2014\u00a0Lente.lv"},"content":{"rendered":"<p>Diplom\u0101tiskie centieni nov\u0113r\u0161 potenci\u0101lu konfliktu<\/p>\n<p>Sa\u016bda Ar\u0101bija, Katara un Om\u0101na ir veiku\u0161as noz\u012bm\u012bgus diplom\u0101tiskus pas\u0101kumus, lai p\u0101rliecin\u0101tu biju\u0161o ASV prezidentu Donaldu Trampu attur\u0113ties no milit\u0101ra uzbrukuma Ir\u0101nai. K\u0101 zi\u0146u a\u0123ent\u016brai AFP atkl\u0101ja augsta ranga Sa\u016bda Ar\u0101bijas amatpersona, \u0161o Persijas l\u012b\u010da valstu m\u0113r\u0137is bija dot Ir\u0101nai iesp\u0113ju demonstr\u0113t labus nodomus, t\u0101d\u0113j\u0101di nov\u0113r\u0161ot iesp\u0113jamu milit\u0101ru konfliktu re\u0123ion\u0101. \u0160ie centieni ir pal\u012bdz\u0113ju\u0161i deeskal\u0113t spriedzi starp Amerikas Savienotaj\u0101m Valst\u012bm un Ir\u0101nu.<\/p>\n<p>Persijas l\u012b\u010da valstu akt\u012bv\u0101 iesaist\u012b\u0161an\u0101s diplom\u0101tiskaj\u0101 proces\u0101 tiek uzskat\u012bta par b\u016btisku soli re\u0123ion\u0101l\u0101s dro\u0161\u012bbas stiprin\u0101\u0161an\u0101. Lai gan ASV iepriek\u0161 ir draud\u0113ju\u0161as ar milit\u0101r\u0101m darb\u012bb\u0101m pret Ir\u0101nu, \u0161oreiz re\u0123iona valstu diplom\u0101tiskie centieni ir pal\u012bdz\u0113ju\u0161i novirz\u012bt situ\u0101ciju uz miera ce\u013ca.<\/p>\n<p>Trampa administr\u0101cijas politika un re\u0123ion\u0101l\u0101s attiec\u012bbas<\/p>\n<p>Trampa administr\u0101cijas politika Tuvajos Austrumos bie\u017ei vien bija konfront\u0113jo\u0161a, \u012bpa\u0161i attiec\u012bb\u0101 uz Ir\u0101nu. \u0160ie notikumi atspogu\u013co sare\u017e\u0123\u012bt\u0101s attiec\u012bbas starp ASV un Ir\u0101nu, kuras pasliktin\u0101ju\u0161\u0101s kop\u0161 1979. gada revol\u016bcijas.<\/p>\n<p>Tom\u0113r \u0161oreiz starpniec\u012bbas loma, ko uz\u0146\u0113m\u0101s Persijas l\u012b\u010da valstis, liecina par to v\u0113lmi veicin\u0101t stabilit\u0101ti re\u0123ion\u0101 un pied\u0101v\u0101t alternat\u012bvus risin\u0101jumus milit\u0101r\u0101m konfront\u0101cij\u0101m.<\/p>\n<p>Diplom\u0101tiskie centieni nov\u0113r\u0161 konfliktu<\/p>\n<p>Saska\u0146\u0101 ar iepriek\u0161\u0113jiem zi\u0146ojumiem, Persijas l\u012b\u010da valstis ir uzsv\u0113ru\u0161as diplom\u0101tijas noz\u012bmi, lai gan iepriek\u0161 past\u0101v\u0113ju\u0161as vieno\u0161an\u0101s par ASV karasp\u0113ka izvieto\u0161anu sav\u0101s teritorij\u0101s, lai attur\u0113tu Ir\u0101nu no iesp\u0113jamajiem uzbrukumiem.<\/p>\n<p>Lai gan ASV iepriek\u0161 ir draud\u0113ju\u0161as ar milit\u0101r\u0101m darb\u012bb\u0101m pret Ir\u0101nu, \u0161oreiz re\u0123iona valstu diplom\u0101tiskie centieni ir pal\u012bdz\u0113ju\u0161i novirz\u012bt situ\u0101ciju uz miera ce\u013ca.<\/p>\n<p>Ietekme uz starptautisko dro\u0161\u012bbu<\/p>\n<p>\u0160ie diplom\u0101tiskie centieni ir noz\u012bm\u012bgi ne tikai re\u0123ion\u0101l\u0101, bet ar\u012b pla\u0161\u0101k\u0101 starptautisk\u0101s dro\u0161\u012bbas kontekst\u0101. Spriedze starp ASV un Ir\u0101nu ir rad\u012bjusi ba\u017eas par iesp\u0113jamu konflikta izple\u0161anos, kas var\u0113tu ietekm\u0113t glob\u0101lo ener\u0123ijas tirgu un starptautisk\u0101s attiec\u012bbas.<\/p>\n<p>Pateicoties Persijas l\u012b\u010da valstu iesaistei, ir izdevies nov\u0113rst t\u0101l\u0101ku eskal\u0101ciju un saglab\u0101t cer\u012bbu uz mier\u012bgu situ\u0101ciju.<\/p>\n<p>Situ\u0101cijas deeskal\u0101cija un turpm\u0101kie so\u013ci<\/p>\n<p>P\u0113c vair\u0101kiem draudiem Tramps ceturtdien main\u012bja kursu, sakot, ka ir sa\u0146\u0113mis apliecin\u0101jumus no &#8220;\u013coti svar\u012bgiem avotiem otr\u0101 pus\u0113&#8221;, ka Ir\u0101na neveic demonstr\u0101ciju dal\u012bbnieku sod\u012b\u0161anu ar n\u0101vi.<\/p>\n<p>Persijas l\u012b\u010da valstu centienu m\u0113r\u0137is bija &#8220;izvair\u012bties no nekontrol\u0113jamas situ\u0101cijas re\u0123ion\u0101,&#8221; sac\u012bja Sa\u016bda Ar\u0101bijas amatpersona.<\/p>\n<p>Cita Persijas l\u012b\u010da amatpersona sac\u012bja, ka &#8220;Ir\u0101nai tika nodots v\u0113st\u012bjums, ka uzbrukums ASV objektiem Persijas l\u012bc\u012b ietekm\u0113s attiec\u012bbas ar re\u0123iona valst\u012bm&#8221;.<\/p>\n","protected":false},"excerpt":{"rendered":"Diplom\u0101tiskie centieni nov\u0113r\u0161 potenci\u0101lu konfliktu Sa\u016bda Ar\u0101bija, Katara un Om\u0101na ir veiku\u0161as noz\u012bm\u012bgus diplom\u0101tiskus pas\u0101kumus, lai p\u0101rliecin\u0101tu biju\u0161o&hellip;\n","protected":false},"author":2,"featured_media":109109,"comment_status":"","ping_status":"","sticky":false,"template":"","format":"standard","meta":{"footnotes":""},"categories":[5],"tags":[23,28,29,3464,542,32,33,22,2562,30,31,35,39,38,36,37,34,40,20,25887,26,27,3431,24,25,21],"class_list":{"0":"post-109479","1":"post","2":"type-post","3":"status-publish","4":"format-standard","5":"has-post-thumbnail","7":"category-aktualitates","8":"tag-aktualitates","9":"tag-breaking-news","10":"tag-breakingnews","11":"tag-diplomatija","12":"tag-donalds-tramps","13":"tag-featured-news","14":"tag-featurednews","15":"tag-headlines","16":"tag-irana","17":"tag-latest-news","18":"tag-latestnews","19":"tag-latvia","20":"tag-latvian","21":"tag-latviesu","22":"tag-latviesu-valoda","23":"tag-latviesuvaloda","24":"tag-latvija","25":"tag-lv","26":"tag-news","27":"tag-persijas-licis","28":"tag-popularakas-zinas","29":"tag-popularakaszinas","30":"tag-sauda-arabija","31":"tag-top-stories","32":"tag-topstories","33":"tag-zinas"},"share_on_mastodon":{"url":"https:\/\/pubeurope.com\/@lv\/115927626732536881","error":""},"_links":{"self":[{"href":"https:\/\/www.europesays.com\/lv\/wp-json\/wp\/v2\/posts\/109479","targetHints":{"allow":["GET"]}}],"collection":[{"href":"https:\/\/www.europesays.com\/lv\/wp-json\/wp\/v2\/posts"}],"about":[{"href":"https:\/\/www.europesays.com\/lv\/wp-json\/wp\/v2\/types\/post"}],"author":[{"embeddable":true,"href":"https:\/\/www.europesays.com\/lv\/wp-json\/wp\/v2\/users\/2"}],"replies":[{"embeddable":true,"href":"https:\/\/www.europesays.com\/lv\/wp-json\/wp\/v2\/comments?post=109479"}],"version-history":[{"count":0,"href":"https:\/\/www.europesays.com\/lv\/wp-json\/wp\/v2\/posts\/109479\/revisions"}],"wp:featuredmedia":[{"embeddable":true,"href":"https:\/\/www.europesays.com\/lv\/wp-json\/wp\/v2\/media\/109109"}],"wp:attachment":[{"href":"https:\/\/www.europesays.com\/lv\/wp-json\/wp\/v2\/media?parent=109479"}],"wp:term":[{"taxonomy":"category","embeddable":true,"href":"https:\/\/www.europesays.com\/lv\/wp-json\/wp\/v2\/categories?post=109479"},{"taxonomy":"post_tag","embeddable":true,"href":"https:\/\/www.europesays.com\/lv\/wp-json\/wp\/v2\/tags?post=109479"}],"curies":[{"name":"wp","href":"https:\/\/api.w.org\/{rel}","templated":true}]}}