{"id":10949,"date":"2025-10-03T00:50:12","date_gmt":"2025-10-03T00:50:12","guid":{"rendered":"https:\/\/www.europesays.com\/lv\/10949\/"},"modified":"2025-10-03T00:50:12","modified_gmt":"2025-10-03T00:50:12","slug":"vairakas-nevalstiskas-organizacijas-pie-saeimas-proteste-pret-izstasanos-no-stambulas-konvencijas","status":"publish","type":"post","link":"https:\/\/www.europesays.com\/lv\/10949\/","title":{"rendered":"Vair\u0101kas nevalstisk\u0101s organiz\u0101cijas pie Saeimas protest\u0113 pret izst\u0101\u0161anos no Stambulas konvencijas"},"content":{"rendered":"<p>Virkne nevalstisko organiz\u0101ciju pie Saeimas nama r\u012bko mierm\u012bl\u012bgu protestu, aicinot deput\u0101tus saglab\u0101t Latvijas starptautisk\u0101s saist\u012bbas cilv\u0113kties\u012bbu jom\u0101 un nekav\u0113joties noraid\u012bt likumprojektu par izst\u0101\u0161anos no Stambulas konvencijas. <\/p>\n<p>Protest\u0101 piedal\u0101s jaunatnes organiz\u0101cija &#8220;Protests&#8221;, centrs &#8220;Marta&#8221;, kr\u012b\u017eu un konsult\u0101ciju centrs &#8220;Skalbes&#8221;, centrs &#8220;Dardedze, &#8220;Latvijas att\u012bst\u012bbai&#8221; jaunatnes noda\u013ca &#8220;Jaunie\u0161i att\u012bst\u012bbai&#8221;, politisk\u0101s partijas &#8220;Vienot\u012bba&#8221; jaunatnes organiz\u0101cija, kust\u012bba &#8220;Par!&#8221; jaunie\u0161u organiz\u0101cija &#8220;Par Jaunie\u0161iem!&#8221;, &#8220;Jaunie Eiropas Feder\u0101listi&#8221;, lesbie\u0161u, geju, biseksu\u0101\u013cu un transpersonu (LGBT) un vi\u0146u draugu apvien\u012bba &#8220;Moza\u012bka&#8221;, kust\u012bba &#8220;Neons&#8221;, biedr\u012bba &#8220;Active Rainbow&#8221;, biedr\u012bba &#8220;Sievietei Paveic\u0101s&#8221;, nodibin\u0101jums &#8220;Ilgtsp\u0113jas fonds&#8221;. <\/p>\n<p>K\u0101 nor\u0101da r\u012bkot\u0101ji, Stambulas konvencija ir praktisks instruments cilv\u0113kties\u012bbu aizsardz\u012bb\u0101.<\/p>\n<p>Kop\u0161 t\u0101s ratifik\u0101cijas valst\u012b ir ieviesti barg\u0101ki sodi varm\u0101k\u0101m, nodro\u0161in\u0101ti kr\u012bzes dz\u012bvok\u013ci cietu\u0161ajiem un ieviesta elektronisk\u0101 uzraudz\u012bba b\u012bstam\u0101kajiem likump\u0101rk\u0101p\u0113jiem. Organiz\u0101ciju ieskat\u0101, atteik\u0161an\u0101s no konvencijas v\u0101jin\u0101tu \u0161o sist\u0113mu un atst\u0101tu cietu\u0161os bez aizsardz\u012bbas.<\/p>\n","protected":false},"excerpt":{"rendered":"Virkne nevalstisko organiz\u0101ciju pie Saeimas nama r\u012bko mierm\u012bl\u012bgu protestu, aicinot deput\u0101tus saglab\u0101t Latvijas starptautisk\u0101s saist\u012bbas cilv\u0113kties\u012bbu jom\u0101 un&hellip;\n","protected":false},"author":2,"featured_media":10950,"comment_status":"","ping_status":"","sticky":false,"template":"","format":"standard","meta":{"footnotes":""},"categories":[5],"tags":[129,4091,3277,23,28,29,32,33,22,30,31,35,39,38,36,37,34,40,20,26,27,4092,3278,4093,3279,24,25,21],"class_list":{"0":"post-10949","1":"post","2":"type-post","3":"status-publish","4":"format-standard","5":"has-post-thumbnail","7":"category-aktualitates","8":"tag-__typenameadvicekeyword","9":"tag-id829","10":"tag-id969","11":"tag-aktualitates","12":"tag-breaking-news","13":"tag-breakingnews","14":"tag-featured-news","15":"tag-featurednews","16":"tag-headlines","17":"tag-latest-news","18":"tag-latestnews","19":"tag-latvia","20":"tag-latvian","21":"tag-latviesu","22":"tag-latviesu-valoda","23":"tag-latviesuvaloda","24":"tag-latvija","25":"tag-lv","26":"tag-news","27":"tag-popularakas-zinas","28":"tag-popularakaszinas","29":"tag-slugprotesti","30":"tag-slugstambulas-konvencija","31":"tag-titleprotesti","32":"tag-titlestambulas-konvencija","33":"tag-top-stories","34":"tag-topstories","35":"tag-zinas"},"share_on_mastodon":{"url":"","error":""},"_links":{"self":[{"href":"https:\/\/www.europesays.com\/lv\/wp-json\/wp\/v2\/posts\/10949","targetHints":{"allow":["GET"]}}],"collection":[{"href":"https:\/\/www.europesays.com\/lv\/wp-json\/wp\/v2\/posts"}],"about":[{"href":"https:\/\/www.europesays.com\/lv\/wp-json\/wp\/v2\/types\/post"}],"author":[{"embeddable":true,"href":"https:\/\/www.europesays.com\/lv\/wp-json\/wp\/v2\/users\/2"}],"replies":[{"embeddable":true,"href":"https:\/\/www.europesays.com\/lv\/wp-json\/wp\/v2\/comments?post=10949"}],"version-history":[{"count":0,"href":"https:\/\/www.europesays.com\/lv\/wp-json\/wp\/v2\/posts\/10949\/revisions"}],"wp:featuredmedia":[{"embeddable":true,"href":"https:\/\/www.europesays.com\/lv\/wp-json\/wp\/v2\/media\/10950"}],"wp:attachment":[{"href":"https:\/\/www.europesays.com\/lv\/wp-json\/wp\/v2\/media?parent=10949"}],"wp:term":[{"taxonomy":"category","embeddable":true,"href":"https:\/\/www.europesays.com\/lv\/wp-json\/wp\/v2\/categories?post=10949"},{"taxonomy":"post_tag","embeddable":true,"href":"https:\/\/www.europesays.com\/lv\/wp-json\/wp\/v2\/tags?post=10949"}],"curies":[{"name":"wp","href":"https:\/\/api.w.org\/{rel}","templated":true}]}}