{"id":109491,"date":"2026-01-20T13:36:18","date_gmt":"2026-01-20T13:36:18","guid":{"rendered":"https:\/\/www.europesays.com\/lv\/109491\/"},"modified":"2026-01-20T13:36:18","modified_gmt":"2026-01-20T13:36:18","slug":"jekabpils-puse-piedzivots-aukstakais-rits-kops-2024-gada-jekabpils-laiks-jekabpils-zinas","status":"publish","type":"post","link":"https:\/\/www.europesays.com\/lv\/109491\/","title":{"rendered":"J\u0113kabpils pus\u0113 piedz\u012bvots aukst\u0101kais r\u012bts kop\u0161 2024. gada \/ J\u0113kabpils Laiks: J\u0113kabpils zi\u0146as"},"content":{"rendered":"<p>Otrdien, 20. janv\u0101r\u012b, Latvij\u0101 uzausa l\u012bdz \u0161im salt\u0101kais r\u012bts kop\u0161 2024. gada 8. janv\u0101ra, liecina meteorolo\u0123isko nov\u0113rojumu staciju dati. Par gaid\u0101mo stipro salu iedz\u012bvot\u0101ji bija <a href=\"https:\/\/www.jekabpilslaiks.lv\/lv\/zinas\/jekabpils-puse-gatavojas-stipram-salam-speka-dzeltenais-bridinajums\/\" target=\"_blank\" rel=\"nofollow noopener\">br\u012bdin\u0101ti<\/a> jau iepriek\u0161, un da\u013c\u0101 valsts tika izsludin\u0101ts dzeltenais br\u012bdin\u0101jums.<\/p>\n<p>Saska\u0146\u0101 ar Latvijas Vides, \u0123eolo\u0123ijas un meteorolo\u0123ijas centra inform\u0101ciju pulksten 9.00 gaisa temperat\u016bra valst\u012b sv\u0101rst\u012bj\u0101s no -9,2 gr\u0101diem Kolk\u0101 l\u012bdz -21..-23 gr\u0101diem M\u0113rsrag\u0101, Skr\u012bveros, J\u0113kabpil\u012b, Madon\u0101, Gulben\u0113 un Dagd\u0101. Daugavpils nov\u0113rojumu stacij\u0101 sals sasniedza -24 gr\u0101dus. Z\u012bl\u0101nu stacij\u0101 r\u012bta stund\u0101s tika re\u0123istr\u0113ti -21 gr\u0101ds.<\/p>\n<p>Atbilsto\u0161i VSIA \u201cLatvijas Valsts ce\u013ci\u201d inform\u0101cijai r\u012bta stund\u0101s daudzviet Latgal\u0113 un Vidzem\u0113 gaisa temperat\u016bra pazemin\u0101j\u0101s l\u012bdz -23..-24 gr\u0101diem. Nepilnu -23 gr\u0101du sals re\u0123istr\u0113ts ar\u012b viet\u0101m uz Liep\u0101jas un Ventspils \u0161osejas.<\/p>\n<p>Tas bija barg\u0101kais sals Latvij\u0101 kop\u0161 2024. gada 8. janv\u0101ra, kad viet\u0101m Latgal\u0113 gaisa temperat\u016bra nosl\u012bd\u0113ja l\u012bdz -30 gr\u0101diem.<\/p>\n<p>Pirmdien maksim\u0101l\u0101 gaisa temperat\u016bra valst\u012b bija no -4,7 gr\u0101diem Liep\u0101jas ost\u0101 l\u012bdz -13,1 gr\u0101dam Dobel\u0113.<\/p>\n<p>Savuk\u0101rt Eirop\u0101 19. janv\u0101r\u012b augst\u0101k\u0101 gaisa temperat\u016bra tika re\u0123istr\u0113ta Sp\u0101nij\u0101 un It\u0101lij\u0101, kur t\u0101 sasniedza +18..+19 gr\u0101dus, bet zem\u0101k\u0101 \u2013 nakt\u012b uz otrdienu Baltkrievij\u0101 (-25 gr\u0101di) un Krievijas Eiropas da\u013cas zieme\u013caustrumos (-28 gr\u0101di).<\/p>\n","protected":false},"excerpt":{"rendered":"Otrdien, 20. janv\u0101r\u012b, Latvij\u0101 uzausa l\u012bdz \u0161im salt\u0101kais r\u012bts kop\u0161 2024. gada 8. janv\u0101ra, liecina meteorolo\u0123isko nov\u0113rojumu staciju&hellip;\n","protected":false},"author":2,"featured_media":109492,"comment_status":"","ping_status":"","sticky":false,"template":"","format":"standard","meta":{"footnotes":""},"categories":[5],"tags":[23,28,29,32,33,22,987,986,30,31,35,39,38,36,37,34,40,20,26,27,24,25,21],"class_list":{"0":"post-109491","1":"post","2":"type-post","3":"status-publish","4":"format-standard","5":"has-post-thumbnail","7":"category-aktualitates","8":"tag-aktualitates","9":"tag-breaking-news","10":"tag-breakingnews","11":"tag-featured-news","12":"tag-featurednews","13":"tag-headlines","14":"tag-jekabpils-zinas","15":"tag-jekabpilslaiks","16":"tag-latest-news","17":"tag-latestnews","18":"tag-latvia","19":"tag-latvian","20":"tag-latviesu","21":"tag-latviesu-valoda","22":"tag-latviesuvaloda","23":"tag-latvija","24":"tag-lv","25":"tag-news","26":"tag-popularakas-zinas","27":"tag-popularakaszinas","28":"tag-top-stories","29":"tag-topstories","30":"tag-zinas"},"share_on_mastodon":{"url":"https:\/\/pubeurope.com\/@lv\/115927697529395165","error":""},"_links":{"self":[{"href":"https:\/\/www.europesays.com\/lv\/wp-json\/wp\/v2\/posts\/109491","targetHints":{"allow":["GET"]}}],"collection":[{"href":"https:\/\/www.europesays.com\/lv\/wp-json\/wp\/v2\/posts"}],"about":[{"href":"https:\/\/www.europesays.com\/lv\/wp-json\/wp\/v2\/types\/post"}],"author":[{"embeddable":true,"href":"https:\/\/www.europesays.com\/lv\/wp-json\/wp\/v2\/users\/2"}],"replies":[{"embeddable":true,"href":"https:\/\/www.europesays.com\/lv\/wp-json\/wp\/v2\/comments?post=109491"}],"version-history":[{"count":0,"href":"https:\/\/www.europesays.com\/lv\/wp-json\/wp\/v2\/posts\/109491\/revisions"}],"wp:featuredmedia":[{"embeddable":true,"href":"https:\/\/www.europesays.com\/lv\/wp-json\/wp\/v2\/media\/109492"}],"wp:attachment":[{"href":"https:\/\/www.europesays.com\/lv\/wp-json\/wp\/v2\/media?parent=109491"}],"wp:term":[{"taxonomy":"category","embeddable":true,"href":"https:\/\/www.europesays.com\/lv\/wp-json\/wp\/v2\/categories?post=109491"},{"taxonomy":"post_tag","embeddable":true,"href":"https:\/\/www.europesays.com\/lv\/wp-json\/wp\/v2\/tags?post=109491"}],"curies":[{"name":"wp","href":"https:\/\/api.w.org\/{rel}","templated":true}]}}