{"id":109493,"date":"2026-01-20T13:38:08","date_gmt":"2026-01-20T13:38:08","guid":{"rendered":"https:\/\/www.europesays.com\/lv\/109493\/"},"modified":"2026-01-20T13:38:08","modified_gmt":"2026-01-20T13:38:08","slug":"ostapenko-sasniedz-australian-open-otro-kartu-1188-lv","status":"publish","type":"post","link":"https:\/\/www.europesays.com\/lv\/109493\/","title":{"rendered":"Ostapenko sasniedz &quot;Australian Open&quot; otro k\u0101rtu &#8211; 1188.lv"},"content":{"rendered":"<ol>\n<li><a href=\"https:\/\/news.google.com\/rss\/articles\/CBMigwFBVV95cUxOaW14bGxzcjdsTHBLbDBnVWhGVlFNX2tabkdjcWJJRUVPaUNVMGJMLVNKR1FvUk81UG82eWVLcGd0OXc5NGRpTDA5dGFMb1VTajlxaDhITlNVZUIxTmhOeXVOcDhmUDRiUWZ1dXl4dW5uYllpRXNVWHBHMGpBYWJOaTgxMA?oc=5\" target=\"_blank\" rel=\"nofollow noopener\">Ostapenko sasniedz &#8220;Australian Open&#8221; otro k\u0101rtu<\/a>&nbsp;&nbsp;1188.lv<\/li>\n<li><a href=\"https:\/\/news.google.com\/rss\/articles\/CBMioAFBVV95cUxOYjFOZlFTTTNXOFBMV1ZvUWhxLUVIb0FUY1lmN0dHcmU0WTR6T09jMzB3OWNZRUlNN3pzZWQwNmVGTWRpVlFCX2pkOWNtWGRXS2FiSWI0eUZzcHFtakMxRHlwRUdJSTlDRVlJd2RNYTIxbmtuU18xZDhsN1VQWWRRSmdBdnJjX3FHdjIyUEQzS2Y4MWNISEQ5OGEtVDhKUUtt?oc=5\" target=\"_blank\" rel=\"nofollow noopener\">&#8220;Australian Open&#8221; ievad\u0101 Ostapenko cent\u012bsies atgriezties uz pan\u0101kumu takas \u2013 Teniss<\/a>&nbsp;&nbsp;Sportacentrs.com<\/li>\n<li><a href=\"https:\/\/news.google.com\/rss\/articles\/CBMi1AFBVV95cUxPbmY5bHlFWXZiTTFuaDZHOG9mN2V5R01janY1czB4bUhwUkhTTXI5cm5Sb1lnaElIT2NwQXhTY2VYUnE3U2xpVVBoRGUyMFV1bzhHS0dZdmdXcUoxbFk3ekRjR2IwT2hobjQ3MGNMTEVnYWhiWUItS01SR2lFOGhhZ1BBQkxEb09WQ2RubWsybjNCaFpTQ19jRzhwM29IUGhMbzhTWkR0MmdFNThMdkJzUko0dW9yUENRSmdVVTBtenNSak05VkRNM0k0NkVISFNqYk9HbA?oc=5\" target=\"_blank\" rel=\"nofollow noopener\">Tenisiste Seme\u0146istaja debij\u0101 \u00abAustralian Open\u00bb pamatturn\u012br\u0101 nep\u0101rvar pirmo k\u0101rtu \/ Raksts<\/a>&nbsp;&nbsp;LSM<\/li>\n<li><a href=\"https:\/\/news.google.com\/rss\/articles\/CBMiqgFBVV95cUxQSHFJWWlVdm1NeGp3NnZyZ2trWTFzODAzOHVxVmVBQlJoN1ltR2I1QUhfQlV0ZmlnaEppMWd6NWRQNXp3X1ZCRF96Wi1NUTNuT192VXoxM0VibFItQVZtVmZOaTFPRWNoY1dyanAxYUxyQld6eWx5cWtSaEZaLXN1cmd5Zko5RWI3bGd2Q002ZDNPQVY3bUd3T0VoZFVoSVdCdERkSXVhSGwyUQ?oc=5\" target=\"_blank\" rel=\"nofollow noopener\">A\u013cona Ostapenko 11. &#8220;Australian Open&#8221; karjer\u0101 s\u0101k ar uzvaru divos setos<\/a>&nbsp;&nbsp;Jauns.lv<\/li>\n<li><a href=\"https:\/\/news.google.com\/rss\/articles\/CBMipAFBVV95cUxNcmZVUlY4S3R0R1ZodU5YbkxBY3F6S0VwUUlMazRkazhsTGhfdXVYTExLNTYwUkpUYllpdHhNRFlMc1FmMXRQeTJzenJMWW9rNFlPOXkwWF9pcmVyMFNiUGluNXA1NmdrOFMtYVlmWHlQYm8yRU92SEFZckZ6WDlnYnBnaTFlZWtQdmxVTV92NHNCRVdycGJuNEtzZGlGSTR5Tm1BMw?oc=5\" target=\"_blank\" rel=\"nofollow noopener\">Ostapenko par sadarb\u012bbu ar Sji: Ceram beidzot izc\u012bn\u012bt &#8220;Grand Slam&#8221; titulu<\/a>&nbsp;&nbsp;TVNET Sports<\/li>\n<\/ol>\n","protected":false},"excerpt":{"rendered":"Ostapenko sasniedz &#8220;Australian Open&#8221; otro k\u0101rtu&nbsp;&nbsp;1188.lv &#8220;Australian Open&#8221; ievad\u0101 Ostapenko cent\u012bsies atgriezties uz pan\u0101kumu takas \u2013 Teniss&nbsp;&nbsp;Sportacentrs.com Tenisiste&hellip;\n","protected":false},"author":2,"featured_media":109494,"comment_status":"","ping_status":"","sticky":false,"template":"","format":"standard","meta":{"footnotes":""},"categories":[17],"tags":[129,17195,126,35,39,38,36,37,34,40,127,17196,67,128,17197],"class_list":{"0":"post-109493","1":"post","2":"type-post","3":"status-publish","4":"format-standard","5":"has-post-thumbnail","7":"category-sports","8":"tag-__typenameadvicekeyword","9":"tag-id1265","10":"tag-id770","11":"tag-latvia","12":"tag-latvian","13":"tag-latviesu","14":"tag-latviesu-valoda","15":"tag-latviesuvaloda","16":"tag-latvija","17":"tag-lv","18":"tag-slugsports","19":"tag-slugteniss","20":"tag-sports","21":"tag-titlesports","22":"tag-titleteniss"},"share_on_mastodon":{"url":"https:\/\/pubeurope.com\/@lv\/115927705329347777","error":""},"_links":{"self":[{"href":"https:\/\/www.europesays.com\/lv\/wp-json\/wp\/v2\/posts\/109493","targetHints":{"allow":["GET"]}}],"collection":[{"href":"https:\/\/www.europesays.com\/lv\/wp-json\/wp\/v2\/posts"}],"about":[{"href":"https:\/\/www.europesays.com\/lv\/wp-json\/wp\/v2\/types\/post"}],"author":[{"embeddable":true,"href":"https:\/\/www.europesays.com\/lv\/wp-json\/wp\/v2\/users\/2"}],"replies":[{"embeddable":true,"href":"https:\/\/www.europesays.com\/lv\/wp-json\/wp\/v2\/comments?post=109493"}],"version-history":[{"count":0,"href":"https:\/\/www.europesays.com\/lv\/wp-json\/wp\/v2\/posts\/109493\/revisions"}],"wp:featuredmedia":[{"embeddable":true,"href":"https:\/\/www.europesays.com\/lv\/wp-json\/wp\/v2\/media\/109494"}],"wp:attachment":[{"href":"https:\/\/www.europesays.com\/lv\/wp-json\/wp\/v2\/media?parent=109493"}],"wp:term":[{"taxonomy":"category","embeddable":true,"href":"https:\/\/www.europesays.com\/lv\/wp-json\/wp\/v2\/categories?post=109493"},{"taxonomy":"post_tag","embeddable":true,"href":"https:\/\/www.europesays.com\/lv\/wp-json\/wp\/v2\/tags?post=109493"}],"curies":[{"name":"wp","href":"https:\/\/api.w.org\/{rel}","templated":true}]}}