{"id":109584,"date":"2026-01-20T15:49:07","date_gmt":"2026-01-20T15:49:07","guid":{"rendered":"https:\/\/www.europesays.com\/lv\/109584\/"},"modified":"2026-01-20T15:49:07","modified_gmt":"2026-01-20T15:49:07","slug":"aap-rocky-soruden-atgriezisies-riga","status":"publish","type":"post","link":"https:\/\/www.europesays.com\/lv\/109584\/","title":{"rendered":"A$AP ROCKY \u0161oruden atgriez\u012bsies R\u012bg\u0101"},"content":{"rendered":"<p>L\u012bdz\u0161in\u0113j\u0101s karjeras laik\u0101 A$AP Rocky sadarbojies ar virkni pasaules m\u0113roga m\u0101kslinieku, tostarp Dreiku (Drake), Kendriku Lam\u0101ru (Kendrick Lamar) un &#8220;2 Chainz&#8221;, k\u0101 ar\u012b &#8220;Gucci Mane&#8221;, &#8220;21 Savage&#8221; un &#8220;FKA twigs&#8221;. T\u0101pat vi\u0146\u0161 piedal\u012bjies A$AP Mob projektos l\u012bdz\u0101s t\u0101diem m\u0101ksliniekiem k\u0101 &#8220;Playboi Carti&#8221; un Frenks Ou\u0161ens (Frank Ocean).<\/p>\n<p>Vair\u0101kk\u0101rt apliecinot sp\u0113ju savienot \u0161\u0137ietami nesavienojamo, m\u016bzi\u0137is rad\u012bjis popul\u0101rus un kriti\u0137u atzin\u012bbu guvu\u0161us darbus ar\u012b \u0101rpus tradicion\u0101l\u0101 hiphopa ietvariem, samplojot t\u0101du m\u016bzi\u0137u k\u0101 &#8220;Tame Impala&#8221; un Mobija (Moby) dziesmas.<\/p>\n<p>A$AP Rocky ir sa\u0146\u0113mis vair\u0101kas industrijas balvas, tostarp &#8220;BET&#8221; un &#8220;MTV&#8221; apbalvojumus, k\u0101 ar\u012b tr\u012bs reizes ticis nomin\u0113ts &#8220;Grammy&#8221; m\u016bzikas balvai.<\/p>\n<p>Papildus m\u016bzi\u0137a darb\u012bbai vi\u0146\u0161 re\u017eis\u0113jis ar\u012b m\u016bzikas videoklipus sev un citiem A$AP Mob apvien\u012bbas dal\u012bbniekiem, k\u0101 ar\u012b produc\u0113 m\u016bziku ar pseidon\u012bmu &#8220;Lord Flacko&#8221;. Papildus darb\u012bbai m\u016bzik\u0101 A$AP Rocky akt\u012bvi darbojas ar\u012b modes un rado\u0161aj\u0101 industrij\u0101. Vi\u0146\u0161 ir rado\u0161ais direktors z\u012bmoliem &#8220;Ray-Ban&#8221; un &#8220;PUMA&#8221;, k\u0101 ar\u012b piedal\u012bjies vair\u0101ku starptautisku z\u012bmolu kampa\u0146\u0101s. Vi\u0146a dibin\u0101t\u0101 rado\u0161\u0101 a\u0123ent\u016bra AWGE realiz\u0113jusi sadarb\u012bbas ar vado\u0161ajiem modes un kult\u016bras z\u012bmoliem, k\u0101 ar\u012b veicin\u0101jusi jaunu m\u0101kslinieku karjeru att\u012bst\u012bbu. 2025. gada j\u016bnij\u0101 AWGE jau otro gadu p\u0113c k\u0101rtas prezent\u0113ja savu kolekciju Par\u012bzes modes ned\u0113\u013c\u0101, sa\u0146emot pla\u0161u starptautisku atzin\u012bbu.<\/p>\n<p>A$AP Rocky uzst\u0101\u0161an\u0101s 2022. gada &#8220;Positivus&#8221; festiv\u0101l\u0101 vienuviet pulc\u0113ja divdesmit t\u016bksto\u0161us m\u0101kslinieka fanu.<\/p>\n<p>Bi\u013cetes tirdzniec\u012bb\u0101 no 27. janv\u0101ra plkst. 9.00 \u201cBi\u013ce\u0161u Servisa\u201d t\u012bkl\u0101.<\/p>\n","protected":false},"excerpt":{"rendered":"L\u012bdz\u0161in\u0113j\u0101s karjeras laik\u0101 A$AP Rocky sadarbojies ar virkni pasaules m\u0113roga m\u0101kslinieku, tostarp Dreiku (Drake), Kendriku Lam\u0101ru (Kendrick Lamar)&hellip;\n","protected":false},"author":2,"featured_media":109585,"comment_status":"","ping_status":"","sticky":false,"template":"","format":"standard","meta":{"footnotes":""},"categories":[19],"tags":[25954,89,90,2017,35,39,38,36,37,34,40,103],"class_list":{"0":"post-109584","1":"post","2":"type-post","3":"status-publish","4":"format-standard","5":"has-post-thumbnail","7":"category-izklaide","8":"tag-asap-rocky","9":"tag-entertainment","10":"tag-izklaide","11":"tag-koncerti","12":"tag-latvia","13":"tag-latvian","14":"tag-latviesu","15":"tag-latviesu-valoda","16":"tag-latviesuvaloda","17":"tag-latvija","18":"tag-lv","19":"tag-muzika"},"share_on_mastodon":{"url":"https:\/\/pubeurope.com\/@lv\/115928220507885917","error":""},"_links":{"self":[{"href":"https:\/\/www.europesays.com\/lv\/wp-json\/wp\/v2\/posts\/109584","targetHints":{"allow":["GET"]}}],"collection":[{"href":"https:\/\/www.europesays.com\/lv\/wp-json\/wp\/v2\/posts"}],"about":[{"href":"https:\/\/www.europesays.com\/lv\/wp-json\/wp\/v2\/types\/post"}],"author":[{"embeddable":true,"href":"https:\/\/www.europesays.com\/lv\/wp-json\/wp\/v2\/users\/2"}],"replies":[{"embeddable":true,"href":"https:\/\/www.europesays.com\/lv\/wp-json\/wp\/v2\/comments?post=109584"}],"version-history":[{"count":0,"href":"https:\/\/www.europesays.com\/lv\/wp-json\/wp\/v2\/posts\/109584\/revisions"}],"wp:featuredmedia":[{"embeddable":true,"href":"https:\/\/www.europesays.com\/lv\/wp-json\/wp\/v2\/media\/109585"}],"wp:attachment":[{"href":"https:\/\/www.europesays.com\/lv\/wp-json\/wp\/v2\/media?parent=109584"}],"wp:term":[{"taxonomy":"category","embeddable":true,"href":"https:\/\/www.europesays.com\/lv\/wp-json\/wp\/v2\/categories?post=109584"},{"taxonomy":"post_tag","embeddable":true,"href":"https:\/\/www.europesays.com\/lv\/wp-json\/wp\/v2\/tags?post=109584"}],"curies":[{"name":"wp","href":"https:\/\/api.w.org\/{rel}","templated":true}]}}