{"id":109586,"date":"2026-01-20T15:54:07","date_gmt":"2026-01-20T15:54:07","guid":{"rendered":"https:\/\/www.europesays.com\/lv\/109586\/"},"modified":"2026-01-20T15:54:07","modified_gmt":"2026-01-20T15:54:07","slug":"foto-%e2%9f%a9-silina-svinigaja-barikazu-atceres-dienas-sede-brivibu-nevar-uztvert-ka-passaprotamu-apollo-lv","status":"publish","type":"post","link":"https:\/\/www.europesays.com\/lv\/109586\/","title":{"rendered":"FOTO \u27e9 Sili\u0146a svin\u012bgaj\u0101 barik\u0101\u017eu atceres dienas s\u0113d\u0113: Br\u012bv\u012bbu nevar uztvert k\u0101 pa\u0161saprotamu &#8211; Apollo.lv"},"content":{"rendered":"<ol>\n<li><a href=\"https:\/\/news.google.com\/rss\/articles\/CBMiugFBVV95cUxPVzZEdHJSUkFSQWYzUTJQQXVacmRpazBtei1wUWhoV3NqNHNEX1M0Wl9oNmR3Q05pTmJlMnd5bkJiTDMwSXdQWHBFRmJ4TzA5c1dlS1FDR1RzU0tSb29hY1JUOFlZaTZ1ZGgxRVlJbHdqcDEwV25xb29QLVJwaFBIeWdyZmRocXdJNVBSS3h0TW1Nak9ILVAxdFhNRng1Mm1sY1NBTVlxVFk5SVg1UUZuSkNjRjltcl9vemc?oc=5\" target=\"_blank\" rel=\"nofollow noopener\">FOTO \u27e9 Sili\u0146a svin\u012bgaj\u0101 barik\u0101\u017eu atceres dienas s\u0113d\u0113: Br\u012bv\u012bbu nevar uztvert k\u0101 pa\u0161saprotamu<\/a>&nbsp;&nbsp;Apollo.lv<\/li>\n<li><a href=\"https:\/\/news.google.com\/rss\/articles\/CBMi3wFBVV95cUxPbl9SRzVXbFliSHVuM2pNUVpZWjZSNGtESU9GN0I0T1RKM3M2b1JpQUJlbkhSU2RKbV9mMmo1Slk0aHo5MjRaZ0o3R3owLUdZVUhRTmcxMUNBeHQ5VTZHS28xdHFxVnhCZUF4Zk9NamJ6UERNTDRfNkVvaEQ4aVYwVTFkR1AtWWpFS0FoSGRoYWZ3U2VRSHpnMGJPbGtoaVBjRWRyX0dZNzBFcjBISnUzeEQtV3RaOEhHa1VsSnY2Q1EyRmd0VjhHTm1UNjJqUUx0YXdiYnlDazdPUkdvaThv?oc=5\" target=\"_blank\" rel=\"nofollow noopener\">N\u0101ktu ar\u012b \u0161odien. Da\u017e\u0101das paaudzes Doma laukum\u0101 pulc\u0113jas pie barik\u0101\u017eu atceres ugunskura<\/a>&nbsp;&nbsp;LSM<\/li>\n<li><a href=\"https:\/\/news.google.com\/rss\/articles\/CBMiowFBVV95cUxNdFJnblNINmhnV3RwS1E2VHZnZDNNRkt4NXYwWTJmelBDWXBLVld0WS1sNy1HWlBWUFVJd21aNDR5RmE3dE83UlFrUDBqb2ZwNE1VMGdZcUxLdV9fVEtLOVhsUmgzOWxfSnZfaWdfOU1jZ3oyYTJLZlJPTGtjazVnN3VPeFlLU0FhdW4wcUlpYTdEd2hBTUQzOFdiclhxSENiVHo0?oc=5\" target=\"_blank\" rel=\"nofollow noopener\">Barik\u0101\u017eu dal\u012bbnieki kop\u0101 bija liels sp\u0113ks, pau\u017e prezidents<\/a>&nbsp;&nbsp;Delfi<\/li>\n<li><a href=\"https:\/\/news.google.com\/rss\/articles\/CBMisgFBVV95cUxQR2taaWVPSWs5Nm1YelhiMmp4dEF4djRjb0RBeHUxQUxRbjZQNGF6ZV90dm9EMkxHSC0xa3RBTnJXRU1JNGI1RUxIalJlMDNWZUNKNDFONXAtOGVtbHdjT21tN0xnQzlPUlNGRnJIak9pM0p4TzBXb0FWNHBhOXM2SFVYN2VDQnlsT1dnLUExenIwQzM5aVZOZDFhX2ZYamZET1NRRU50Tk9zeXRVcDhTMFRR?oc=5\" target=\"_blank\" rel=\"nofollow noopener\">Barik\u0101des atg\u0101dina, ka valsts nav tikai robe\u017estabi, \u0113kas un lozungi, uzsver prezidents<\/a>&nbsp;&nbsp;TVNET<\/li>\n<li><a href=\"https:\/\/news.google.com\/rss\/articles\/CBMirgFBVV95cUxNWjZBcTJjSURjTTAyXzRyOWFKaHN5QjJxbWJ4UVRyUlJNelJUWkF0UmNRNkZDbHpBQjNpUFVJTkxId1VQbGI2cWVhVWxCNUxSRGl5a29Nb1l5ajFIMkU2NDdwZHEyc19iRXNuUmFkd21pTlVOcEJwb3YzUzRrQmQ5TFoxdjFHaGdhUnFYeWg3TnN1VXdkSzZBUDIyVDRkY2Y3b2x5NDZFal9ndE9kU1E?oc=5\" target=\"_blank\" rel=\"nofollow noopener\">Sili\u0146a: Br\u012bv\u012bbu nevar uztvert k\u0101 pa\u0161saprotamu ar\u012b m\u016bsdien\u0101s<\/a>&nbsp;&nbsp;Diena<\/li>\n<\/ol>\n","protected":false},"excerpt":{"rendered":"FOTO \u27e9 Sili\u0146a svin\u012bgaj\u0101 barik\u0101\u017eu atceres dienas s\u0113d\u0113: Br\u012bv\u012bbu nevar uztvert k\u0101 pa\u0161saprotamu&nbsp;&nbsp;Apollo.lv N\u0101ktu ar\u012b \u0161odien. Da\u017e\u0101das paaudzes&hellip;\n","protected":false},"author":2,"featured_media":109587,"comment_status":"","ping_status":"","sticky":false,"template":"","format":"standard","meta":{"footnotes":""},"categories":[5],"tags":[23,23671,28,29,1249,32,33,22,30,31,35,39,38,36,37,34,40,5604,20,26,27,12269,24,25,21],"class_list":{"0":"post-109586","1":"post","2":"type-post","3":"status-publish","4":"format-standard","5":"has-post-thumbnail","7":"category-aktualitates","8":"tag-aktualitates","9":"tag-barikades","10":"tag-breaking-news","11":"tag-breakingnews","12":"tag-evika-silina","13":"tag-featured-news","14":"tag-featurednews","15":"tag-headlines","16":"tag-latest-news","17":"tag-latestnews","18":"tag-latvia","19":"tag-latvian","20":"tag-latviesu","21":"tag-latviesu-valoda","22":"tag-latviesuvaloda","23":"tag-latvija","24":"tag-lv","25":"tag-ministru-kabinets","26":"tag-news","27":"tag-popularakas-zinas","28":"tag-popularakaszinas","29":"tag-sede","30":"tag-top-stories","31":"tag-topstories","32":"tag-zinas"},"share_on_mastodon":{"url":"https:\/\/pubeurope.com\/@lv\/115928240207939322","error":""},"_links":{"self":[{"href":"https:\/\/www.europesays.com\/lv\/wp-json\/wp\/v2\/posts\/109586","targetHints":{"allow":["GET"]}}],"collection":[{"href":"https:\/\/www.europesays.com\/lv\/wp-json\/wp\/v2\/posts"}],"about":[{"href":"https:\/\/www.europesays.com\/lv\/wp-json\/wp\/v2\/types\/post"}],"author":[{"embeddable":true,"href":"https:\/\/www.europesays.com\/lv\/wp-json\/wp\/v2\/users\/2"}],"replies":[{"embeddable":true,"href":"https:\/\/www.europesays.com\/lv\/wp-json\/wp\/v2\/comments?post=109586"}],"version-history":[{"count":0,"href":"https:\/\/www.europesays.com\/lv\/wp-json\/wp\/v2\/posts\/109586\/revisions"}],"wp:featuredmedia":[{"embeddable":true,"href":"https:\/\/www.europesays.com\/lv\/wp-json\/wp\/v2\/media\/109587"}],"wp:attachment":[{"href":"https:\/\/www.europesays.com\/lv\/wp-json\/wp\/v2\/media?parent=109586"}],"wp:term":[{"taxonomy":"category","embeddable":true,"href":"https:\/\/www.europesays.com\/lv\/wp-json\/wp\/v2\/categories?post=109586"},{"taxonomy":"post_tag","embeddable":true,"href":"https:\/\/www.europesays.com\/lv\/wp-json\/wp\/v2\/tags?post=109586"}],"curies":[{"name":"wp","href":"https:\/\/api.w.org\/{rel}","templated":true}]}}