{"id":109680,"date":"2026-01-20T18:17:07","date_gmt":"2026-01-20T18:17:07","guid":{"rendered":"https:\/\/www.europesays.com\/lv\/109680\/"},"modified":"2026-01-20T18:17:07","modified_gmt":"2026-01-20T18:17:07","slug":"satversmes-tiesa-izskan-atskirigi-redzejumi-par-sabiedrisko-mediju-pienakumiem","status":"publish","type":"post","link":"https:\/\/www.europesays.com\/lv\/109680\/","title":{"rendered":"Satversmes ties\u0101 izskan at\u0161\u0137ir\u012bgi redz\u0113jumi par sabiedrisko mediju pien\u0101kumiem"},"content":{"rendered":"<p>Kult\u016bras ministrijas p\u0101rst\u0101ves Zane V\u0101gnere un Gunta L\u012bdaka atz\u012bm\u0113ja, ka vair\u0101ki Nacion\u0101l\u0101s elektronisko pla\u0161sazi\u0146as l\u012bdzek\u013cu padomes (NEPLP) p\u0113t\u012bjumi liecina, ka sabiedriskie mediji joproj\u0101m konkur\u0113 par auditoriju ar komerci\u0101lajiem medijiem, un interese par saturu krievu valod\u0101 Latvij\u0101 saglab\u0101jas augsta. Vi\u0146u skat\u012bjum\u0101, sabiedrisko mediju saturs maz\u0101kumtaut\u012bbu valod\u0101s ir b\u016btisks, jo t\u0101 ierobe\u017eo\u0161ana var\u0113tu veicin\u0101t neuztic\u0113\u0161anos valstij un palielin\u0101t dezinform\u0101cijas riskus, \u012bpa\u0161i to iedz\u012bvot\u0101ju vid\u016b, kuri pat\u0113r\u0113 tikai krievu valod\u0101 veidotus medijus. Krievijas telev\u012bzijas kan\u0101lu aizliegums \u0161o probl\u0113mu neesot piln\u012bb\u0101 atrisin\u0101jis, jo dezinform\u0101cija izplat\u0101s ar\u012b soci\u0101lajos t\u012bklos.<\/p>\n<p>Kult\u016bras ministrijas p\u0101rst\u0101vju skat\u012bjum\u0101, izstr\u0101d\u0101jot apstr\u012bd\u0113t\u0101s normas, likumdev\u0113js vad\u012bjies no sabiedrisko mediju lomas un neatkar\u012bbas principiem, nosakot l\u012bdzsvaru starp valsts valodas aizsardz\u012bbu un redakcion\u0101lo br\u012bv\u012bbu. Kult\u016bras ministrijas ieskat\u0101, sabiedriskajiem medijiem ir r\u012bc\u012bbas br\u012bv\u012bba izmantot da\u017e\u0101dus risin\u0101jumus un form\u0101tus sav\u0101s platform\u0101s, lai sasniegtu auditoriju, un regul\u0113juma papla\u0161in\u0101\u0161ana uz platform\u0101m \u0161obr\u012bd netiek pl\u0101nota.<\/p>\n<p>Tiesas s\u0113des laik\u0101 tika skaidrots, ka Sabiedrisko elektronisko pla\u0161sazi\u0146as l\u012bdzek\u013cu un to p\u0101rvald\u012bbas likuma pants, kas attiecas uz maz\u0101kumtaut\u012bbu valod\u0101m, ietver t\u0101s valodas, kuras Latvij\u0101 v\u0113sturiski atz\u012btas par minorit\u0101t\u0113m, tai skait\u0101 ar\u012b krievu valoda, l\u012bdz ar to sabiedriskais medijs var veidot saturu ar\u012b krievu valod\u0101.<\/p>\n","protected":false},"excerpt":{"rendered":"Kult\u016bras ministrijas p\u0101rst\u0101ves Zane V\u0101gnere un Gunta L\u012bdaka atz\u012bm\u0113ja, ka vair\u0101ki Nacion\u0101l\u0101s elektronisko pla\u0161sazi\u0146as l\u012bdzek\u013cu padomes (NEPLP) p\u0113t\u012bjumi&hellip;\n","protected":false},"author":2,"featured_media":80014,"comment_status":"","ping_status":"","sticky":false,"template":"","format":"standard","meta":{"footnotes":""},"categories":[12],"tags":[23,28,29,32,33,22,30,31,35,39,38,36,37,34,40,20,26,27,3820,13246,24,25,21],"class_list":{"0":"post-109680","1":"post","2":"type-post","3":"status-publish","4":"format-standard","5":"has-post-thumbnail","7":"category-latvija","8":"tag-aktualitates","9":"tag-breaking-news","10":"tag-breakingnews","11":"tag-featured-news","12":"tag-featurednews","13":"tag-headlines","14":"tag-latest-news","15":"tag-latestnews","16":"tag-latvia","17":"tag-latvian","18":"tag-latviesu","19":"tag-latviesu-valoda","20":"tag-latviesuvaloda","21":"tag-latvija","22":"tag-lv","23":"tag-news","24":"tag-popularakas-zinas","25":"tag-popularakaszinas","26":"tag-sabiedriskie-mediji","27":"tag-satversmes-tiesa","28":"tag-top-stories","29":"tag-topstories","30":"tag-zinas"},"share_on_mastodon":{"url":"https:\/\/pubeurope.com\/@lv\/115928802432214600","error":""},"_links":{"self":[{"href":"https:\/\/www.europesays.com\/lv\/wp-json\/wp\/v2\/posts\/109680","targetHints":{"allow":["GET"]}}],"collection":[{"href":"https:\/\/www.europesays.com\/lv\/wp-json\/wp\/v2\/posts"}],"about":[{"href":"https:\/\/www.europesays.com\/lv\/wp-json\/wp\/v2\/types\/post"}],"author":[{"embeddable":true,"href":"https:\/\/www.europesays.com\/lv\/wp-json\/wp\/v2\/users\/2"}],"replies":[{"embeddable":true,"href":"https:\/\/www.europesays.com\/lv\/wp-json\/wp\/v2\/comments?post=109680"}],"version-history":[{"count":0,"href":"https:\/\/www.europesays.com\/lv\/wp-json\/wp\/v2\/posts\/109680\/revisions"}],"wp:featuredmedia":[{"embeddable":true,"href":"https:\/\/www.europesays.com\/lv\/wp-json\/wp\/v2\/media\/80014"}],"wp:attachment":[{"href":"https:\/\/www.europesays.com\/lv\/wp-json\/wp\/v2\/media?parent=109680"}],"wp:term":[{"taxonomy":"category","embeddable":true,"href":"https:\/\/www.europesays.com\/lv\/wp-json\/wp\/v2\/categories?post=109680"},{"taxonomy":"post_tag","embeddable":true,"href":"https:\/\/www.europesays.com\/lv\/wp-json\/wp\/v2\/tags?post=109680"}],"curies":[{"name":"wp","href":"https:\/\/api.w.org\/{rel}","templated":true}]}}