{"id":109690,"date":"2026-01-20T19:07:08","date_gmt":"2026-01-20T19:07:08","guid":{"rendered":"https:\/\/www.europesays.com\/lv\/109690\/"},"modified":"2026-01-20T19:07:08","modified_gmt":"2026-01-20T19:07:08","slug":"koncertzale-palladium-gaidams-muzikals-komedijsovs-valentindienas-spesals-lente-lv","status":"publish","type":"post","link":"https:\/\/www.europesays.com\/lv\/109690\/","title":{"rendered":"Koncertz\u0101l\u0113 &#8220;Palladium&#8221; gaid\u0101ms muzik\u0101ls kom\u0113dij\u0161ovs &#8220;Valent\u012bndienas Spe\u0161als&#8221;\u00a0\u2014\u00a0Lente.lv"},"content":{"rendered":"<p>Muzik\u0101ls kom\u0113dij\u0161ovs papildin\u0101s Valent\u012bndienas pied\u0101v\u0101jumu<\/p>\n<p>\u0160ogad 14. febru\u0101r\u012b, svinot m\u012blest\u012bbas sv\u0113tkus, koncertz\u0101l\u0113 \u201cPalladium\u201d R\u012bg\u0101 notiks unik\u0101ls muzik\u0101ls kom\u0113dij\u0161ovs \u201cValent\u012bndienas Spe\u0161als\u201d. Pas\u0101kums ir radies no Ralfa Eilanda popul\u0101r\u0101 podk\u0101sta \u201cRalfs Eilands kav\u0113 laiku\u201d un sola vakaru, kas piepild\u012bts ar humoru, m\u016bziku un negaid\u012btiem p\u0101rsteigumiem. K\u0101 zi\u0146o telekan\u0101ls TV3, \u0161is pas\u0101kums ir lieliska iesp\u0113ja pavad\u012bt Valent\u012bndienu neform\u0101l\u0101 un jautr\u0101 gaisotn\u0113, baudot daudzveid\u012bgu programmu.<\/p>\n<p>Programma un dal\u012bbnieki<\/p>\n<p>\u201cValent\u012bndienas Spe\u0161als\u201d pied\u0101v\u0101s skat\u012bt\u0101jiem pla\u0161u izklaides kl\u0101stu, ieskaitot dziesmas, stand-up priek\u0161nesumus, komiskus ske\u010dus, improviz\u0113tas et\u012bdes un aspr\u0101t\u012bgus st\u0101stus. Vakara m\u0113r\u0137is ir rad\u012bt vieglu, sirsn\u012bgu un jautru atmosf\u0113ru, kas piem\u0113rota gan p\u0101riem, gan draugu komp\u0101nij\u0101m. Uz skatuves k\u0101ps Ralfs Eilands kop\u0101 ar vair\u0101kiem viesiem, tostarp J\u0101ni Krei\u010dmani, Olgu Rajecku, Aleksandru Guzenko, El\u012bnu Geidu, J\u0101ni Apeini un Mat\u012bsu Budovski. Pas\u0101kumu kuplin\u0101s ar\u012b \u201cM\u0113s J\u016bs M\u012blam\u201d komanda un or\u0137estris \u201cValent\u012bni\u201d, sola ar\u012b citus p\u0101rsteigumus.<\/p>\n<p>Iedvesma no podk\u0101sta un iepriek\u0161\u0113j\u0101m izr\u0101d\u0113m<\/p>\n<p>\u0160ova izveide balst\u012bta uz Ralfa Eilanda podk\u0101sta \u201cRalfs Eilands kav\u0113 laiku\u201d form\u0101tu, kur\u0101 vi\u0146\u0161 kop\u0101 ar viesiem interesant\u0101s sarun\u0101s un muzik\u0101los priek\u0161nesumos baudot laiku. L\u012bdz\u012bgi k\u0101 Ralfa dal\u012bba \u0161ov\u0101 \u201cP\u0101rdziedi Mani\u201d, ar\u012b \u0161aj\u0101 reiz\u0113 uz skatuves vald\u012bs \u017eanru un viesu da\u017e\u0101d\u012bba. Pas\u0101kuma organizatori, biedr\u012bba \u201cGINGERCAT\u201d, sola, ka programma b\u016bs dinamisks un atrakt\u012bvs piedz\u012bvojums visiem kl\u0101teso\u0161ajiem.<\/p>\n<p>Vieta un laiks<\/p>\n<p>Muzik\u0101lais kom\u0113dij\u0161ovs \u201cValent\u012bndienas Spe\u0161als\u201d norisin\u0101sies 14. febru\u0101r\u012b plkst. 16:00 koncertz\u0101l\u0113 \u201cPalladium\u201d, kas atrodas R\u012bg\u0101. Bi\u013cetes uz pas\u0101kumu ir pieejamas da\u017e\u0101d\u0101s cenu kategorij\u0101s, s\u0101kot no 30 eiro.<\/p>\n","protected":false},"excerpt":{"rendered":"Muzik\u0101ls kom\u0113dij\u0161ovs papildin\u0101s Valent\u012bndienas pied\u0101v\u0101jumu \u0160ogad 14. febru\u0101r\u012b, svinot m\u012blest\u012bbas sv\u0113tkus, koncertz\u0101l\u0113 \u201cPalladium\u201d R\u012bg\u0101 notiks unik\u0101ls muzik\u0101ls kom\u0113dij\u0161ovs&hellip;\n","protected":false},"author":2,"featured_media":109691,"comment_status":"","ping_status":"","sticky":false,"template":"","format":"standard","meta":{"footnotes":""},"categories":[19],"tags":[89,90,25973,35,39,38,36,37,34,40,103,1337,9945,25972],"class_list":{"0":"post-109690","1":"post","2":"type-post","3":"status-publish","4":"format-standard","5":"has-post-thumbnail","7":"category-izklaide","8":"tag-entertainment","9":"tag-izklaide","10":"tag-komedijsovs","11":"tag-latvia","12":"tag-latvian","13":"tag-latviesu","14":"tag-latviesu-valoda","15":"tag-latviesuvaloda","16":"tag-latvija","17":"tag-lv","18":"tag-muzika","19":"tag-palladium","20":"tag-ralfs-eilands","21":"tag-valentindienas-spesals"},"share_on_mastodon":{"url":"https:\/\/pubeurope.com\/@lv\/115928999053460735","error":""},"_links":{"self":[{"href":"https:\/\/www.europesays.com\/lv\/wp-json\/wp\/v2\/posts\/109690","targetHints":{"allow":["GET"]}}],"collection":[{"href":"https:\/\/www.europesays.com\/lv\/wp-json\/wp\/v2\/posts"}],"about":[{"href":"https:\/\/www.europesays.com\/lv\/wp-json\/wp\/v2\/types\/post"}],"author":[{"embeddable":true,"href":"https:\/\/www.europesays.com\/lv\/wp-json\/wp\/v2\/users\/2"}],"replies":[{"embeddable":true,"href":"https:\/\/www.europesays.com\/lv\/wp-json\/wp\/v2\/comments?post=109690"}],"version-history":[{"count":0,"href":"https:\/\/www.europesays.com\/lv\/wp-json\/wp\/v2\/posts\/109690\/revisions"}],"wp:featuredmedia":[{"embeddable":true,"href":"https:\/\/www.europesays.com\/lv\/wp-json\/wp\/v2\/media\/109691"}],"wp:attachment":[{"href":"https:\/\/www.europesays.com\/lv\/wp-json\/wp\/v2\/media?parent=109690"}],"wp:term":[{"taxonomy":"category","embeddable":true,"href":"https:\/\/www.europesays.com\/lv\/wp-json\/wp\/v2\/categories?post=109690"},{"taxonomy":"post_tag","embeddable":true,"href":"https:\/\/www.europesays.com\/lv\/wp-json\/wp\/v2\/tags?post=109690"}],"curies":[{"name":"wp","href":"https:\/\/api.w.org\/{rel}","templated":true}]}}