{"id":109696,"date":"2026-01-20T19:25:09","date_gmt":"2026-01-20T19:25:09","guid":{"rendered":"https:\/\/www.europesays.com\/lv\/109696\/"},"modified":"2026-01-20T19:25:09","modified_gmt":"2026-01-20T19:25:09","slug":"28-i-andra-baltaca-jubilejas-koncerts-latgalietis-pasaule-ulbroka","status":"publish","type":"post","link":"https:\/\/www.europesays.com\/lv\/109696\/","title":{"rendered":"28.I Andra Balta\u010da jubilejas koncerts &#8220;Latgalietis pasaul\u0113&#8221; Ulbrok\u0101"},"content":{"rendered":"<p>28.janv\u0101r\u012b plkst.19.00 kult\u016bras centr\u0101 &#8220;Ulbrokas p\u0113rle&#8221; notiks dzied\u0101t\u0101ja, m\u016bzi\u0137a un ar\u012b nedaudz aktiera Andra Balta\u010da 40 gadu rado\u0161\u0101s darb\u012bbas jubilejas koncerts &#8220;Latgalietis psaul\u0113&#8221;, kur\u0101 skaist\u0101k\u0101s dziesmas no vi\u0146a pla\u0161\u0101 repertu\u0101ra. Programma aptvers daudzveid\u012bgus rado\u0161\u0101s darb\u012bbas posmus \u2013 no \u0161l\u0101gera un tautasdziesmas l\u012bdz rokm\u016bzikai un operas ska\u0146darbam. Koncert\u0101 neizpaliks ar\u012b pasaules m\u016bzikas p\u0113rles, kuras skat\u012bt\u0101ji iepazina \u0161ov\u0101 \u201cP\u0101rdziedi mani\u201d.<\/p>\n<p>Uz skatuves pievienosies izcili m\u016bzi\u0137i: pianists Juris Kristons, \u0123it\u0101rists J\u0101nis Kalni\u0146\u0161, bas\u0123it\u0101rists Modris Laiz\u0101ns, bundzinieks Ivars Kalni\u0146\u0161, vok\u0101lais trio &#8220;Oran\u017e\u0101s&#8221;, k\u0101 ar\u012b \u012bpa\u0161ie viesi. Koncertu muzik\u0101lo pusi papildin\u0101s dejot\u0101ji horeogr\u0101fes Be\u0101tes Svarinskas vad\u012bb\u0101.<\/p>\n","protected":false},"excerpt":{"rendered":"28.janv\u0101r\u012b plkst.19.00 kult\u016bras centr\u0101 &#8220;Ulbrokas p\u0113rle&#8221; notiks dzied\u0101t\u0101ja, m\u016bzi\u0137a un ar\u012b nedaudz aktiera Andra Balta\u010da 40 gadu rado\u0161\u0101s&hellip;\n","protected":false},"author":2,"featured_media":109697,"comment_status":"","ping_status":"","sticky":false,"template":"","format":"standard","meta":{"footnotes":""},"categories":[19],"tags":[47,89,90,381,64,35,39,38,36,37,34,40,385,172,382,384,383,21],"class_list":{"0":"post-109696","1":"post","2":"type-post","3":"status-publish","4":"format-standard","5":"has-post-thumbnail","7":"category-izklaide","8":"tag-ekonomika","9":"tag-entertainment","10":"tag-izklaide","11":"tag-jaunumi","12":"tag-kultura","13":"tag-latvia","14":"tag-latvian","15":"tag-latviesu","16":"tag-latviesu-valoda","17":"tag-latviesuvaloda","18":"tag-latvija","19":"tag-lv","20":"tag-pieriga","21":"tag-riga","22":"tag-sabiedriba","23":"tag-sludinajumi","24":"tag-sports-afisa","25":"tag-zinas"},"share_on_mastodon":{"url":"https:\/\/pubeurope.com\/@lv\/115929069800609932","error":""},"_links":{"self":[{"href":"https:\/\/www.europesays.com\/lv\/wp-json\/wp\/v2\/posts\/109696","targetHints":{"allow":["GET"]}}],"collection":[{"href":"https:\/\/www.europesays.com\/lv\/wp-json\/wp\/v2\/posts"}],"about":[{"href":"https:\/\/www.europesays.com\/lv\/wp-json\/wp\/v2\/types\/post"}],"author":[{"embeddable":true,"href":"https:\/\/www.europesays.com\/lv\/wp-json\/wp\/v2\/users\/2"}],"replies":[{"embeddable":true,"href":"https:\/\/www.europesays.com\/lv\/wp-json\/wp\/v2\/comments?post=109696"}],"version-history":[{"count":0,"href":"https:\/\/www.europesays.com\/lv\/wp-json\/wp\/v2\/posts\/109696\/revisions"}],"wp:featuredmedia":[{"embeddable":true,"href":"https:\/\/www.europesays.com\/lv\/wp-json\/wp\/v2\/media\/109697"}],"wp:attachment":[{"href":"https:\/\/www.europesays.com\/lv\/wp-json\/wp\/v2\/media?parent=109696"}],"wp:term":[{"taxonomy":"category","embeddable":true,"href":"https:\/\/www.europesays.com\/lv\/wp-json\/wp\/v2\/categories?post=109696"},{"taxonomy":"post_tag","embeddable":true,"href":"https:\/\/www.europesays.com\/lv\/wp-json\/wp\/v2\/tags?post=109696"}],"curies":[{"name":"wp","href":"https:\/\/api.w.org\/{rel}","templated":true}]}}