{"id":109720,"date":"2026-01-20T20:02:08","date_gmt":"2026-01-20T20:02:08","guid":{"rendered":"https:\/\/www.europesays.com\/lv\/109720\/"},"modified":"2026-01-20T20:02:08","modified_gmt":"2026-01-20T20:02:08","slug":"estere-volfa-triumfe-ibu-junioru-kausa-madona-ar-iespaidigu-sniegumu-masu-starta-lente-lv","status":"publish","type":"post","link":"https:\/\/www.europesays.com\/lv\/109720\/","title":{"rendered":"Estere Volfa triumf\u0113 IBU junioru kaus\u0101 Madon\u0101 ar iespaid\u012bgu sniegumu masu start\u0101\u00a0\u2014\u00a0Lente.lv"},"content":{"rendered":"<p>Volfa demonstr\u0113 meistar\u012bbu devi\u0146u kilometru masu start\u0101<\/p>\n<p>Latvijas biatloniste Estere Volfa sestdien Madon\u0101 izc\u012bn\u012bja uzvaru Starptautisk\u0101s Biatlona savien\u012bbas (IBU) Junioru kausa posma devi\u0146u kilometru distancei ar kop\u0113ju startu. Vi\u0146a fini\u0161\u0113ja ar p\u0101rliecino\u0161u p\u0101rsvaru, apliecinot savu sportisko meistar\u012bbu un gatav\u012bbu augst\u0101k\u0101m virsotn\u0113m. Volfa, kura sacens\u012bb\u0101s start\u0113ja ar Latvijas karogu rok\u0101s, atzina, ka tas bijis vi\u0146as piepild\u012btais sapnis. P\u0113c fini\u0161a vi\u0146a pauda prieku par iesp\u0113ju izbaud\u012bt p\u0113d\u0113jo apli bez piln\u012bgas piep\u016bles, pateicoties lielajam handikepam p\u0101r konkurent\u0113m.<\/p>\n<p>\u0160is ir Esteres Volfas otrais pan\u0101kums IBU Junioru kausa posm\u0101 Madon\u0101 \u0161aj\u0101 ned\u0113\u013cas nogal\u0113, apliecinot vi\u0146as stabilo sniegumu un potenci\u0101lu junioru konkurenc\u0113. Iepriek\u0161\u0113j\u0101s dien\u0101s vi\u0146a izc\u012bn\u012bja sudraba un zelta meda\u013cas sprinta distanc\u0113s, demonstr\u0113jot nevainojamu \u0161au\u0161anu un \u0101tru sl\u0113pojumu. Madonas posms ir svar\u012bgs notikums jauno sportistu karjer\u0101, sniedzot v\u0113rt\u012bgu starptautisku pieredzi pirms svar\u012bg\u0101kiem startiem.<\/p>\n<p>Ierindojums un citi Latvijas sportistu rezult\u0101ti<\/p>\n<p>Masu start\u0101 Estere Volfa veica vienu soda apli, tom\u0113r tas netrauc\u0113ja vi\u0146ai uzvar\u0113t p\u0101rliecino\u0161i. Vi\u0146as pan\u0101kumi ir noz\u012bm\u012bgs ieguld\u012bjums Latvijas biatlona att\u012bst\u012bb\u0101. Sacens\u012bb\u0101s start\u0113ja ar\u012b citas Latvijas biatlonistes, tostarp Mart\u012bne Djatkovi\u010da, Elza Bleidele, Keita Kolna, Jelizaveta Boro\u0146enko, Enia Kalni\u0146a un Laura Alzi\u0146a, kuras ie\u0146\u0113ma vietas no 12. l\u012bdz 43. poz\u012bcijai. Junioriem 10 kilometru sprint\u0101 Rihards Lozbers sasniedza 12. vietu, demonstr\u0113jot \u0101tru sl\u0113pojumu, bet tr\u012bs soda ap\u013ci liedza pak\u0101pties augst\u0101k.<\/p>\n<p>Daniels Koda\u013cevs ierindoj\u0101s pirmaj\u0101 divdesmitniek\u0101, bet citi Latvijas junioru izlases p\u0101rst\u0101vji \u2013 Adrians M\u0101ris \u0160\u0146ori\u0146\u0161 un Kristi\u0101ns Karlsbergs \u2013 ie\u0146\u0113ma attiec\u012bgi 27. un 28. vietu. Kopum\u0101 IBU Junioru kausa posm\u0101 Madon\u0101 pulc\u0113j\u0101s aptuveni 200 jauno sportistu no vair\u0101k nek\u0101 20 valst\u012bm, kas apliecina Madonas noz\u012bmi biatlona att\u012bst\u012bb\u0101 Latvij\u0101 un Baltij\u0101.<\/p>\n<p>Volfa \u2013 Latvijas biatlona cer\u012bba<\/p>\n<p>Estere Volfa ir viena no Latvijas biatlona cer\u012bb\u0101m, kura apliecina savu var\u0113jumu ar\u012b Pasaules kausa l\u012bmen\u012b, divreiz iek\u013c\u016bstot lab\u0101ko tr\u012bsdesmitniek\u0101 \u0161aj\u0101 sezon\u0101 un uzst\u0101dot jaunus karjeras rekordus. Vi\u0146a stud\u0113 biznesa vad\u012bbu Latvijas Universit\u0101t\u0113, apliecinot atbild\u012bgu pieeju gan sport\u0101, gan izgl\u012bt\u012bb\u0101. Vi\u0146as m\u0101te Ieva Ceder\u0161tr\u0113ma-Volfa ar\u012b ir bijusi biatloniste.<\/p>\n<p>Madona k\u0101 biatlona att\u012bst\u012bbas centrs<\/p>\n<p>IBU Junioru kausa posms Madon\u0101 pulc\u0113ja jaunos sportistus no vair\u0101k\u0101m valst\u012bm, apliecinot pils\u0113tas noz\u012bmi Latvijas biatlona att\u012bst\u012bb\u0101. \u0160is pas\u0101kums ir b\u016btisks atbalsts jauno sportistu karjerai, sniedzot vi\u0146iem v\u0113rt\u012bgu starptautisku pieredzi pirms svar\u012bg\u0101kiem startiem, tostarp Pasaules kausa un Eiropas \u010dempion\u0101ta l\u012bmen\u012b. Sacens\u012bbas dod iesp\u0113ju jaunajiem talantiem demonstr\u0113t savu meistar\u012bbu un potenci\u0101lu.<\/p>\n","protected":false},"excerpt":{"rendered":"Volfa demonstr\u0113 meistar\u012bbu devi\u0146u kilometru masu start\u0101 Latvijas biatloniste Estere Volfa sestdien Madon\u0101 izc\u012bn\u012bja uzvaru Starptautisk\u0101s Biatlona savien\u012bbas&hellip;\n","protected":false},"author":2,"featured_media":109721,"comment_status":"","ping_status":"","sticky":false,"template":"","format":"standard","meta":{"footnotes":""},"categories":[17],"tags":[1499,16012,20002,35,39,38,36,37,34,40,25355,67,620],"class_list":{"0":"post-109720","1":"post","2":"type-post","3":"status-publish","4":"format-standard","5":"has-post-thumbnail","7":"category-sports","8":"tag-biatlons","9":"tag-estere-volfa","10":"tag-ibu-junioru-kauss","11":"tag-latvia","12":"tag-latvian","13":"tag-latviesu","14":"tag-latviesu-valoda","15":"tag-latviesuvaloda","16":"tag-latvija","17":"tag-lv","18":"tag-madona","19":"tag-sports","20":"tag-ziemas-sports"},"share_on_mastodon":{"url":"https:\/\/pubeurope.com\/@lv\/115929215258020032","error":""},"_links":{"self":[{"href":"https:\/\/www.europesays.com\/lv\/wp-json\/wp\/v2\/posts\/109720","targetHints":{"allow":["GET"]}}],"collection":[{"href":"https:\/\/www.europesays.com\/lv\/wp-json\/wp\/v2\/posts"}],"about":[{"href":"https:\/\/www.europesays.com\/lv\/wp-json\/wp\/v2\/types\/post"}],"author":[{"embeddable":true,"href":"https:\/\/www.europesays.com\/lv\/wp-json\/wp\/v2\/users\/2"}],"replies":[{"embeddable":true,"href":"https:\/\/www.europesays.com\/lv\/wp-json\/wp\/v2\/comments?post=109720"}],"version-history":[{"count":0,"href":"https:\/\/www.europesays.com\/lv\/wp-json\/wp\/v2\/posts\/109720\/revisions"}],"wp:featuredmedia":[{"embeddable":true,"href":"https:\/\/www.europesays.com\/lv\/wp-json\/wp\/v2\/media\/109721"}],"wp:attachment":[{"href":"https:\/\/www.europesays.com\/lv\/wp-json\/wp\/v2\/media?parent=109720"}],"wp:term":[{"taxonomy":"category","embeddable":true,"href":"https:\/\/www.europesays.com\/lv\/wp-json\/wp\/v2\/categories?post=109720"},{"taxonomy":"post_tag","embeddable":true,"href":"https:\/\/www.europesays.com\/lv\/wp-json\/wp\/v2\/tags?post=109720"}],"curies":[{"name":"wp","href":"https:\/\/api.w.org\/{rel}","templated":true}]}}