{"id":109748,"date":"2026-01-20T21:36:08","date_gmt":"2026-01-20T21:36:08","guid":{"rendered":"https:\/\/www.europesays.com\/lv\/109748\/"},"modified":"2026-01-20T21:36:08","modified_gmt":"2026-01-20T21:36:08","slug":"es-fondu-un-atveselosanas-fonda-investiciju-ieviesana-sasniegusi-butisku-tempu-lente-lv","status":"publish","type":"post","link":"https:\/\/www.europesays.com\/lv\/109748\/","title":{"rendered":"ES fondu un Atvese\u013co\u0161anas fonda invest\u012bciju ievie\u0161ana sasniegusi b\u016btisku tempu\u00a0\u2014\u00a0Lente.lv"},"content":{"rendered":"<p>Eiropas Savien\u012bbas fondu un Atvese\u013co\u0161anas fonda invest\u012bcijas Latvij\u0101 strauji palielin\u0101s<\/p>\n<p>Latvij\u0101 Eiropas Savien\u012bbas (ES) fondu un Atvese\u013co\u0161anas fonda (AF) invest\u012bciju apguves temps 2025. gad\u0101 ir b\u016btiski pieaudzis un k\u013cuvis notur\u012bgs. Finan\u0161u ministrijas (FM) dati liecina, ka no valsts bud\u017eeta ieguld\u012bti 1,4 miljardi eiro, kas ir divas reizes vair\u0101k nek\u0101 2024. gad\u0101. \u0160\u012bs invest\u012bcijas ir v\u0113rstas uz ekonomikas stimul\u0113\u0161anu, k\u0101 ar\u012b valsts notur\u012bbas un dro\u0161\u012bbas stiprin\u0101\u0161anu.<\/p>\n<p>Tiek prognoz\u0113ts, ka \u0161\u012b invest\u012bciju dinamika turpin\u0101sies, lai veicin\u0101tu Latvijas tautsaimniec\u012bbas izaugsmi un notur\u012bbu.<\/p>\n<p>Iev\u0113rojams valsts bud\u017eeta finans\u0113juma pieaugums<\/p>\n<p>Sal\u012bdzin\u0101jum\u0101 ar iepriek\u0161\u0113jo gadu, valsts bud\u017eeta ieguld\u012bjums ES fondu un AF invest\u012bciju ievie\u0161an\u0101 ir dubultojies, sasniedzot 1,4 miljardus eiro 2025. gad\u0101. \u0160\u0101ds solis nor\u0101da uz pastiprin\u0101tu gatav\u012bbu un sp\u0113ju absorb\u0113t un efekt\u012bvi izmantot pieejamo ES finans\u0113jumu, lai gan ekonomikas izaugsmei, gan valsts sp\u0113jai tikt gal\u0101 ar da\u017e\u0101diem izaicin\u0101jumiem.<\/p>\n<p>Efekt\u012bva ES l\u012bdzek\u013cu apguve un m\u0113r\u0137u izpilde<\/p>\n<p>Latvija ir veiksm\u012bgi apguvusi ES finans\u0113jumu, sa\u0146emot 980,2 miljonus eiro no Eiropas Komisijas (EK) k\u0101 atmaksu par \u012bstenotiem un no valsts bud\u017eeta priek\u0161finans\u0113tiem projektiem. Tas atbilst 108% no 2025. gada ES fondu programmas pl\u0101na. T\u0101pat ir p\u0101rsniegts EK noteiktais deklar\u0113jamo izdevumu finan\u0161u m\u0113r\u0137is 2025. gadam, pieprasot gandr\u012bz 681 miljonu eiro jeb 129% no pl\u0101not\u0101. \u0160ie r\u0101d\u012bt\u0101ji apliecina Latvijas sp\u0113ju efekt\u012bvi p\u0101rvald\u012bt un izlietot ES l\u012bdzek\u013cus.<\/p>\n<p>Intens\u012bvs projektu izstr\u0101des un \u012bsteno\u0161anas posms<\/p>\n<p>ES fondu 2021.\u20132027. gada invest\u012bciju ievie\u0161ana ir sasniegusi intens\u012bvu f\u0101zi. L\u012bdz 2025. gada janv\u0101rim bija apstiprin\u0101ti 97% no Latvijai pieejam\u0101 ES fondu finans\u0113juma, kas sasniedz 4,1 miljardu eiro no kop\u0113j\u0101s summas 4,2 miljardi eiro. Projektu atlases ir izsludin\u0101tas 90% apm\u0113r\u0101, aptverot t\u0101das svar\u012bgas jomas k\u0101 dzelzce\u013ca infrastrukt\u016bras att\u012bst\u012bba un bezemisiju vilcienu ieg\u0101de. L\u012bgumi par projektiem nosl\u0113gti par 2,5 miljardiem eiro jeb 60% no pieejam\u0101 finans\u0113juma, kas ietver projektus da\u017e\u0101d\u0101s nozar\u0113s, tostarp katastrofu risku mazin\u0101\u0161an\u0101.<\/p>\n<p>N\u0101kotnes perspekt\u012bvas un strat\u0113\u0123iskie m\u0113r\u0137i<\/p>\n<p>Tuv\u0101kaj\u0101 laik\u0101 pl\u0101nots, ka liel\u0101k\u0101 da\u013ca projektu non\u0101ks akt\u012bv\u0101 \u012bsteno\u0161anas f\u0101z\u0113. ES fondu projektu \u012bsteno\u0161anas termi\u0146\u0161 ir noteikts l\u012bdz 2030. gadam, nodro\u0161inot pietiekamu laiku pl\u0101noto rezult\u0101tu sasnieg\u0161anai. Finan\u0161u ministrs Arvils A\u0161eradens uzsv\u0113ris m\u0113r\u0137i pan\u0101kt, ka \u0161\u012bs invest\u012bcijas sniedz re\u0101lu pienesumu Latvijas dro\u0161\u012bbai, ekonomikas izaugsmei un valsts notur\u012bbai. Vienlaikus tiek gatavots pamats n\u0101kamajam ES fondu pl\u0101no\u0161anas periodam, lai nodro\u0161in\u0101tu nep\u0101rtrauktu invest\u012bciju pl\u016bsmu.<\/p>\n","protected":false},"excerpt":{"rendered":"Eiropas Savien\u012bbas fondu un Atvese\u013co\u0161anas fonda invest\u012bcijas Latvij\u0101 strauji palielin\u0101s Latvij\u0101 Eiropas Savien\u012bbas (ES) fondu un Atvese\u013co\u0161anas fonda&hellip;\n","protected":false},"author":2,"featured_media":109749,"comment_status":"","ping_status":"","sticky":false,"template":"","format":"standard","meta":{"footnotes":""},"categories":[5],"tags":[23,25976,28,29,4948,20665,32,33,438,22,25977,30,31,35,39,38,36,37,34,40,20,26,27,24,25,21],"class_list":{"0":"post-109748","1":"post","2":"type-post","3":"status-publish","4":"format-standard","5":"has-post-thumbnail","7":"category-aktualitates","8":"tag-aktualitates","9":"tag-atveselosanas-fonds","10":"tag-breaking-news","11":"tag-breakingnews","12":"tag-ekonomikas-attistiba","13":"tag-es-fondi","14":"tag-featured-news","15":"tag-featurednews","16":"tag-finansu-ministrija","17":"tag-headlines","18":"tag-investicijas-latvija","19":"tag-latest-news","20":"tag-latestnews","21":"tag-latvia","22":"tag-latvian","23":"tag-latviesu","24":"tag-latviesu-valoda","25":"tag-latviesuvaloda","26":"tag-latvija","27":"tag-lv","28":"tag-news","29":"tag-popularakas-zinas","30":"tag-popularakaszinas","31":"tag-top-stories","32":"tag-topstories","33":"tag-zinas"},"share_on_mastodon":{"url":"https:\/\/pubeurope.com\/@lv\/115929584953135444","error":""},"_links":{"self":[{"href":"https:\/\/www.europesays.com\/lv\/wp-json\/wp\/v2\/posts\/109748","targetHints":{"allow":["GET"]}}],"collection":[{"href":"https:\/\/www.europesays.com\/lv\/wp-json\/wp\/v2\/posts"}],"about":[{"href":"https:\/\/www.europesays.com\/lv\/wp-json\/wp\/v2\/types\/post"}],"author":[{"embeddable":true,"href":"https:\/\/www.europesays.com\/lv\/wp-json\/wp\/v2\/users\/2"}],"replies":[{"embeddable":true,"href":"https:\/\/www.europesays.com\/lv\/wp-json\/wp\/v2\/comments?post=109748"}],"version-history":[{"count":0,"href":"https:\/\/www.europesays.com\/lv\/wp-json\/wp\/v2\/posts\/109748\/revisions"}],"wp:featuredmedia":[{"embeddable":true,"href":"https:\/\/www.europesays.com\/lv\/wp-json\/wp\/v2\/media\/109749"}],"wp:attachment":[{"href":"https:\/\/www.europesays.com\/lv\/wp-json\/wp\/v2\/media?parent=109748"}],"wp:term":[{"taxonomy":"category","embeddable":true,"href":"https:\/\/www.europesays.com\/lv\/wp-json\/wp\/v2\/categories?post=109748"},{"taxonomy":"post_tag","embeddable":true,"href":"https:\/\/www.europesays.com\/lv\/wp-json\/wp\/v2\/tags?post=109748"}],"curies":[{"name":"wp","href":"https:\/\/api.w.org\/{rel}","templated":true}]}}