{"id":109760,"date":"2026-01-20T22:19:10","date_gmt":"2026-01-20T22:19:10","guid":{"rendered":"https:\/\/www.europesays.com\/lv\/109760\/"},"modified":"2026-01-20T22:19:10","modified_gmt":"2026-01-20T22:19:10","slug":"pirms-un-pec-praktiski-risinajumi-virtuves-iekartosanai","status":"publish","type":"post","link":"https:\/\/www.europesays.com\/lv\/109760\/","title":{"rendered":"Pirms un p\u0113c: praktiski risin\u0101jumi virtuves iek\u0101rto\u0161anai"},"content":{"rendered":"<p>Bie\u017ei vien, pl\u0101nojot virtuves iek\u0101rtojumu, netiek izv\u0113rt\u0113ti ikdienas paradumi, t\u0101p\u0113c izv\u0113l\u0113tie risin\u0101jumi var izr\u0101d\u012bties ne\u0113rti un nepraktiski. Interjera dizainere N. Ratniece apkopojusi galvenos aspektus, kam v\u0113rts piev\u0113rst uzman\u012bbu. L\u016bk, k\u013c\u016bdas.<\/p>\n<p>Virtuves darba trijst\u016bra ignor\u0113\u0161ana. Pl\u012btij, izlietnei un ledusskapim j\u0101b\u016bt paroc\u012bgi izvietotam un ne p\u0101r\u0101k t\u0101lu vienam no otra, it \u012bpa\u0161i, ja m\u0101jok\u013ca iem\u012btniekiem pat\u012bk gatavot.<\/p>\n<p>Apak\u0161\u0113jos skap\u012b\u0161us apr\u012bko ar durv\u012bm, nevis atvilktn\u0113m. Atvilktn\u0113s viss b\u016bs p\u0101rredzam\u0101ks, savuk\u0101rt skap\u012b\u0161i ar durv\u012bm ikdien\u0101 var \u0101tri k\u013c\u016bt apgr\u016btino\u0161i. Lai tiktu pie skap\u012b\u0161a dzi\u013cum\u0101 novietotaj\u0101m liet\u0101m, katru reizi b\u016bs j\u0101iz\u0146em priek\u0161\u0101 eso\u0161ie priek\u0161meti.<\/p>\n<p><img decoding=\"async\" class=\"figure__image\" onclick=\"triggerEvent('articleImageClick', { id: 17396648, focus: 'single-image', focusIndex: '17396648' })\" onkeydown=\"if (event.key === 'Enter') {&#10;        triggerEvent('articleImageClick', { id: 17396648, focus: 'single-image', focusIndex: '17396648' })&#10;        }\" role=\"button\" tabindex=\"0\" data-focus-from=\"single-image\" data-focus-index=\"17396648\" src=\"https:\/\/www.europesays.com\/lv\/wp-content\/uploads\/2026\/01\/17396648t1h36ca.jpg\"  onload=\"this.parentElement.classList.remove('figure__image-loading')\" alt=\"\"\/> Foto: publicit\u0101tes<\/p>\n<p>Darba virsmas un sadz\u012bves tehnika, kas nav paredz\u0113ta ilgtermi\u0146am. Kvarca vai keramikas virsmas b\u016bs notur\u012bg\u0101kas pret mitrumu, karstumu un skr\u0101p\u0113jumiem, savuk\u0101rt lamin\u0101ta virsma b\u016bs maci\u0146am draudz\u012bg\u0101ks risin\u0101jums. Kvalitat\u012bva sadz\u012bves tehnika kalpos ilg\u0101k, b\u016bs klus\u0101ka un energoefekt\u012bv\u0101ka.<\/p>\n<p>P\u0101r\u0101k daudz atv\u0113rto plauktu sist\u0113mu, kas rada nek\u0101rt\u012bbas saj\u016btu. Ja virtuve ir apvienota ar dz\u012bvojamo istabu, par k\u0101rt\u012bbu j\u0101r\u016bp\u0113jas ab\u0101s telp\u0101s vienlaikus. T\u0101p\u0113c p\u0101rdom\u0101 uzglab\u0101\u0161anas risin\u0101jumus un izvairies no stilistiski \u012bslaic\u012bgiem vai ikdien\u0101 nepraktiskiem risin\u0101jumiem.<\/p>\n","protected":false},"excerpt":{"rendered":"Bie\u017ei vien, pl\u0101nojot virtuves iek\u0101rtojumu, netiek izv\u0113rt\u0113ti ikdienas paradumi, t\u0101p\u0113c izv\u0113l\u0113tie risin\u0101jumi var izr\u0101d\u012bties ne\u0113rti un nepraktiski. Interjera&hellip;\n","protected":false},"author":2,"featured_media":109761,"comment_status":"","ping_status":"","sticky":false,"template":"","format":"standard","meta":{"footnotes":""},"categories":[19],"tags":[89,284,90,35,39,38,36,37,34,40,17418],"class_list":{"0":"post-109760","1":"post","2":"type-post","3":"status-publish","4":"format-standard","5":"has-post-thumbnail","7":"category-izklaide","8":"tag-entertainment","9":"tag-ikea","10":"tag-izklaide","11":"tag-latvia","12":"tag-latvian","13":"tag-latviesu","14":"tag-latviesu-valoda","15":"tag-latviesuvaloda","16":"tag-latvija","17":"tag-lv","18":"tag-majas"},"share_on_mastodon":{"url":"https:\/\/pubeurope.com\/@lv\/115929754011829425","error":""},"_links":{"self":[{"href":"https:\/\/www.europesays.com\/lv\/wp-json\/wp\/v2\/posts\/109760","targetHints":{"allow":["GET"]}}],"collection":[{"href":"https:\/\/www.europesays.com\/lv\/wp-json\/wp\/v2\/posts"}],"about":[{"href":"https:\/\/www.europesays.com\/lv\/wp-json\/wp\/v2\/types\/post"}],"author":[{"embeddable":true,"href":"https:\/\/www.europesays.com\/lv\/wp-json\/wp\/v2\/users\/2"}],"replies":[{"embeddable":true,"href":"https:\/\/www.europesays.com\/lv\/wp-json\/wp\/v2\/comments?post=109760"}],"version-history":[{"count":0,"href":"https:\/\/www.europesays.com\/lv\/wp-json\/wp\/v2\/posts\/109760\/revisions"}],"wp:featuredmedia":[{"embeddable":true,"href":"https:\/\/www.europesays.com\/lv\/wp-json\/wp\/v2\/media\/109761"}],"wp:attachment":[{"href":"https:\/\/www.europesays.com\/lv\/wp-json\/wp\/v2\/media?parent=109760"}],"wp:term":[{"taxonomy":"category","embeddable":true,"href":"https:\/\/www.europesays.com\/lv\/wp-json\/wp\/v2\/categories?post=109760"},{"taxonomy":"post_tag","embeddable":true,"href":"https:\/\/www.europesays.com\/lv\/wp-json\/wp\/v2\/tags?post=109760"}],"curies":[{"name":"wp","href":"https:\/\/api.w.org\/{rel}","templated":true}]}}