{"id":10980,"date":"2025-10-03T03:30:14","date_gmt":"2025-10-03T03:30:14","guid":{"rendered":"https:\/\/www.europesays.com\/lv\/10980\/"},"modified":"2025-10-03T03:30:14","modified_gmt":"2025-10-03T03:30:14","slug":"krievijas-iznicinataju-notrieksana-butu-bijusi-strategiska-kluda","status":"publish","type":"post","link":"https:\/\/www.europesays.com\/lv\/10980\/","title":{"rendered":"Krievijas izn\u012bcin\u0101t\u0101ju notriek\u0161ana b\u016btu bijusi strat\u0113\u0123iska k\u013c\u016bda"},"content":{"rendered":"<p>P\u0113c vi\u0146a teikt\u0101, nav iesp\u0113jams notic\u0113t Krievijas versijai, ka viss noticis nejau\u0161i un ka t\u0101 bijusi navig\u0101cijas k\u013c\u016bda, jo Krievijas izn\u012bcin\u0101t\u0101ji p\u0101r\u0101k ilgi atrad\u0101s Igaunijas gaisa telp\u0101.<\/p>\n<p>Merilo Krievijas r\u012bc\u012bbu nosauca par mu\u013c\u0137\u012bgu un \u013coti b\u012bstamu. \u201cSp\u0113l\u0113t ar \u0161\u0101du eskal\u0101cijas iesp\u0113ju, jo \u012bpa\u0161i ar neapzin\u0101tas eskal\u0101cijas iesp\u0113ju, ir piln\u012bgi bezatbild\u012bgi. Lai aizsarg\u0101tu m\u016bsu cilv\u0113kus, m\u0113s esam gatavi izmantot ar\u012b let\u0101lu sp\u0113ku,\u201d pazi\u0146oja Igaunijas Aizsardz\u012bbas sp\u0113ku komandieris.<\/p>\n<p>Vi\u0146\u0161 sac\u012bja, ka ir prec\u012bzi zin\u0101ms, k\u0101di iero\u010di atrad\u0101s zem Krievijas izn\u012bcin\u0101t\u0101ju sp\u0101rniem, un \u0161ie iero\u010di nebija paredz\u0113ti sauszemes m\u0113r\u0137u izn\u012bcin\u0101\u0161anai.<\/p>\n<p>\u201cTurkl\u0101t m\u016bsdienu bru\u0146ojuma sist\u0113mas ir tik sp\u0113c\u012bgas, ka, lai sasniegtu m\u0113r\u0137us Igaunij\u0101, lidma\u0161\u012bn\u0101m pat nav j\u0101atst\u0101j Krievijas gaisa telpa. T\u0101tad nebija nek\u0101du pas\u0101kumu, kas tos kvalific\u0113tu k\u0101 tie\u0161us draudus. K\u0101 visur, kad tiek lietots let\u0101ls sp\u0113ks, ir j\u0101b\u016bt tie\u0161am draudam cilv\u0113ku dz\u012bv\u012bbai. \u0160aj\u0101 gad\u012bjum\u0101 t\u0101da nebija, un t\u0101d\u0113\u013c lidma\u0161\u012bnas netika notriektas,\u201d vi\u0146\u0161 paskaidroja, piebilstot, ka l\u0113mumu par sp\u0113ka lieto\u0161anu nepiecie\u0161am\u012bbas gad\u012bjum\u0101 b\u016btu j\u0101pie\u0146em NATO, jo Igaunijas Aizsardz\u012bbas sp\u0113ku komandierim un Igaunijas politi\u0137iem \u0161\u0101das pilnvaras nav.<\/p>\n<p>P\u0113c Merilo nov\u0113rt\u0113juma, \u0161is incidents tie\u0161i neietekm\u0113ja kop\u0113jo draudu l\u012bmeni Igaunijai, un joproj\u0101m tiek uzskat\u012bts, ka konvencion\u0101la milit\u0101ra uzbrukuma risks nav palielin\u0101jies.<\/p>\n<p>\u201cKrievija ir saist\u012bta ar Ukrainu. Tai nav sp\u0113ku s\u0101kt v\u0113l vienu milit\u0101ru oper\u0101ciju kaut kur citur, jo \u012bpa\u0161i pret NATO,\u201d vi\u0146\u0161 nor\u0101d\u012bja. \u201cBet draudu nov\u0113rt\u0113jums past\u0101v\u012bgi main\u0101s. M\u0113s redzam, ka da\u017e\u0101das darb\u012bbas pret Eiropu un m\u016bsu virzien\u0101 da\u013c\u0113ji ir vec\u0101s metodes. Taj\u0101 nav nek\u0101 negaid\u012bta. T\u0101p\u0113c es apgalvoju, ka draudu nov\u0113rt\u0113juma mai\u0146a ir piln\u012bgi norm\u0101ls process. Mums nav j\u0101baid\u0101s, mums ir j\u0101sagatavojas, j\u0101m\u0113\u0123ina saprast, ko v\u0113l var gaid\u012bt n\u0101kotn\u0113, lai tam sagatavotos iepriek\u0161.\u201d<\/p>\n","protected":false},"excerpt":{"rendered":"P\u0113c vi\u0146a teikt\u0101, nav iesp\u0113jams notic\u0113t Krievijas versijai, ka viss noticis nejau\u0161i un ka t\u0101 bijusi navig\u0101cijas k\u013c\u016bda,&hellip;\n","protected":false},"author":2,"featured_media":10981,"comment_status":"","ping_status":"","sticky":false,"template":"","format":"standard","meta":{"footnotes":""},"categories":[14],"tags":[23,57,28,29,32,33,22,73,234,74,30,31,35,39,38,36,37,34,40,71,20,26,27,24,25,4099,54,55,56,21,58],"class_list":{"0":"post-10980","1":"post","2":"type-post","3":"status-publish","4":"format-standard","5":"has-post-thumbnail","7":"category-zinas-no-arvalstim","8":"tag-aktualitates","9":"tag-arvalstim","10":"tag-breaking-news","11":"tag-breakingnews","12":"tag-featured-news","13":"tag-featurednews","14":"tag-headlines","15":"tag-igaunija","16":"tag-krievija","17":"tag-krievijas-iebrukums-ukraina","18":"tag-latest-news","19":"tag-latestnews","20":"tag-latvia","21":"tag-latvian","22":"tag-latviesu","23":"tag-latviesu-valoda","24":"tag-latviesuvaloda","25":"tag-latvija","26":"tag-lv","27":"tag-nato","28":"tag-news","29":"tag-popularakas-zinas","30":"tag-popularakaszinas","31":"tag-top-stories","32":"tag-topstories","33":"tag-viedoklis","34":"tag-world","35":"tag-world-news","36":"tag-worldnews","37":"tag-zinas","38":"tag-zinas-no-arvalstim"},"share_on_mastodon":{"url":"","error":""},"_links":{"self":[{"href":"https:\/\/www.europesays.com\/lv\/wp-json\/wp\/v2\/posts\/10980","targetHints":{"allow":["GET"]}}],"collection":[{"href":"https:\/\/www.europesays.com\/lv\/wp-json\/wp\/v2\/posts"}],"about":[{"href":"https:\/\/www.europesays.com\/lv\/wp-json\/wp\/v2\/types\/post"}],"author":[{"embeddable":true,"href":"https:\/\/www.europesays.com\/lv\/wp-json\/wp\/v2\/users\/2"}],"replies":[{"embeddable":true,"href":"https:\/\/www.europesays.com\/lv\/wp-json\/wp\/v2\/comments?post=10980"}],"version-history":[{"count":0,"href":"https:\/\/www.europesays.com\/lv\/wp-json\/wp\/v2\/posts\/10980\/revisions"}],"wp:featuredmedia":[{"embeddable":true,"href":"https:\/\/www.europesays.com\/lv\/wp-json\/wp\/v2\/media\/10981"}],"wp:attachment":[{"href":"https:\/\/www.europesays.com\/lv\/wp-json\/wp\/v2\/media?parent=10980"}],"wp:term":[{"taxonomy":"category","embeddable":true,"href":"https:\/\/www.europesays.com\/lv\/wp-json\/wp\/v2\/categories?post=10980"},{"taxonomy":"post_tag","embeddable":true,"href":"https:\/\/www.europesays.com\/lv\/wp-json\/wp\/v2\/tags?post=10980"}],"curies":[{"name":"wp","href":"https:\/\/api.w.org\/{rel}","templated":true}]}}