{"id":109809,"date":"2026-01-21T03:37:06","date_gmt":"2026-01-21T03:37:06","guid":{"rendered":"https:\/\/www.europesays.com\/lv\/109809\/"},"modified":"2026-01-21T03:37:06","modified_gmt":"2026-01-21T03:37:06","slug":"starptautiskais-dokumentala-kino-festivals-artdocfest-riga-izsludina-konkursa-filmas-un-uzsak-bilesu-tirdzniecibu-lente-lv","status":"publish","type":"post","link":"https:\/\/www.europesays.com\/lv\/109809\/","title":{"rendered":"Starptautiskais dokument\u0101l\u0101 kino festiv\u0101ls &#8220;Artdocfest\/Riga&#8221; izsludina konkursa filmas un uzs\u0101k bi\u013ce\u0161u tirdzniec\u012bbu\u00a0\u2014\u00a0Lente.lv"},"content":{"rendered":"<p>Festiv\u0101ls &#8220;Artdocfest\/Riga&#8221; gatavojas sestajai norisei<\/p>\n<p>No 2026. gada 28. febru\u0101ra l\u012bdz 8. martam R\u012bg\u0101 norisin\u0101sies sestais Starptautiskais dokument\u0101l\u0101 kino festiv\u0101ls &#8220;Artdocfest\/Riga&#8221;. Pas\u0101kums, kas sevi pozicion\u0113 k\u0101 noz\u012bm\u012bgu dokument\u0101l\u0101 kino notikumu Baltijas re\u0123ion\u0101, izsludin\u0101jis savas konkursa programmas &#8220;Artdocfest Open&#8221; un &#8220;Baltic Focus&#8221; filmas, k\u0101 ar\u012b uzs\u0101cis bi\u013ce\u0161u tirdzniec\u012bbu. K\u0101 zi\u0146o av\u012bze Diena, festiv\u0101ls turpina Latvijas dokument\u0101l\u0101 kino trad\u012bcijas, ko iedibin\u0101ju\u0161i t\u0101di meistari k\u0101 Juris Podnieks un Hercs Franks.<\/p>\n<p>Konkursu programmas un filmu izlase<\/p>\n<p>Festiv\u0101la galven\u0101s norises paredz\u0113tas div\u0101s konkursa programm\u0101s. &#8220;Baltic Focus&#8221; programma demonstr\u0113 Baltijas j\u016bras re\u0123iona valstu spilgt\u0101k\u0101s filmas, piev\u0113r\u0161oties indiv\u012bdu pieredzei pla\u0161\u0101ku soci\u0101lu, v\u0113sturisku un \u0123eopolitisku procesu kontekst\u0101. \u0160\u012b programma \u012bpa\u0161i izgaismo re\u0123ionu k\u0101 jut\u012bgu laikmetu satricin\u0101jumu seismogr\u0101fu, kur person\u012bgie st\u0101sti k\u013c\u016bst par liec\u012bb\u0101m laikmetam. &#8220;Artdocfest Open&#8221; konkurss savuk\u0101rt papla\u0161ina \u0123eogr\u0101fisko spektru, fokus\u0113joties uz film\u0101m no Austrumeiropas un Eir\u0101zijas valst\u012bm, ta\u010du ir atv\u0113rts ar\u012b darbiem no visas pasaules, ja tie risina m\u016bsu re\u0123ionam aktu\u0101las probl\u0113mas un v\u0113rt\u012bbas. Abas konkursa programmas v\u0113rt\u0113s divas starptautiskas \u017e\u016brijas.<\/p>\n<p>Festiv\u0101la atkl\u0101\u0161ana un \u012bpa\u0161ie notikumi<\/p>\n<p>Festiv\u0101ls tiks atkl\u0101ts 28. febru\u0101r\u012b plkst. 18:00 ar re\u017eisora Vit\u0101lija Manska jaun\u0101ko filmu &#8220;Laiks l\u012bdz m\u0113r\u0137im&#8221;, kas jau piedz\u012bvojusi pasaules pirmizr\u0101di Berl\u012bnes Starptautiskaj\u0101 filmu festiv\u0101l\u0101 2025. gad\u0101 un sa\u0146\u0113musi balvas da\u017e\u0101dos citos festiv\u0101los. \u0160\u012b gada festiv\u0101ls \u012bpa\u0161i atz\u012bm\u0113s izcil\u0101 latvie\u0161u dokument\u0101lista Hercta Franka 100. jubileju, veltot nosl\u0113guma seansu vi\u0146a piemi\u0146ai. Papildus konkursa programm\u0101m, festiv\u0101l\u0101 paredz\u0113tas ar\u012b tematisk\u0101s programmas, piem\u0113ram, &#8220;ArtDoc &amp; ProArt&#8221;, kas velt\u012bta m\u0101kslai, k\u0101 ar\u012b programmas, kas piev\u0113r\u0161as aktu\u0101liem glob\u0101liem notikumiem, tostarp Krievijas iebrukumam Ukrain\u0101. \u0160ogad festiv\u0101l\u0101 notiks ar\u012b &#8220;Kino nakts&#8221; un da\u017e\u0101das rado\u0161as un zin\u0101tniskas diskusijas ar dokument\u0101listiem un kino teor\u0113ti\u0137iem.<\/p>\n<p>Norises vietas un bi\u013ce\u0161u pieejam\u012bba<\/p>\n<p>Galven\u0101s festiv\u0101la norises vietas b\u016bs kinote\u0101tris &#8220;Splendid Palace&#8221; ar t\u0101 Lielo un Straumes z\u0101li. \u0100rpuskonkursa programmas un diskusijas notiks m\u0101kslas centr\u0101 &#8220;Zuzeum&#8221; un kopienas centr\u0101 &#8220;Media Hub Riga&#8221;. Bi\u013cetes uz festiv\u0101la atkl\u0101\u0161anas filmu un citiem seansiem jau ir pieejamas kinote\u0101tra &#8220;Splendid Palace&#8221; kas\u0113s un tie\u0161saist\u0113. Festiv\u0101ls akt\u012bvi veicina domu apmai\u0146u un dialogu, k\u013c\u016bstot par noz\u012bm\u012bgu platformu dokument\u0101l\u0101 kino profesion\u0101\u013ciem un skat\u012bt\u0101jiem no visas pasaules.<\/p>\n","protected":false},"excerpt":{"rendered":"Festiv\u0101ls &#8220;Artdocfest\/Riga&#8221; gatavojas sestajai norisei No 2026. gada 28. febru\u0101ra l\u012bdz 8. martam R\u012bg\u0101 norisin\u0101sies sestais Starptautiskais dokument\u0101l\u0101&hellip;\n","protected":false},"author":2,"featured_media":109810,"comment_status":"","ping_status":"","sticky":false,"template":"","format":"standard","meta":{"footnotes":""},"categories":[19],"tags":[14813,5803,89,1383,90,3927,35,39,38,36,37,34,40],"class_list":{"0":"post-109809","1":"post","2":"type-post","3":"status-publish","4":"format-standard","5":"has-post-thumbnail","7":"category-izklaide","8":"tag-artdocfest-riga","9":"tag-dokumentalais-kino","10":"tag-entertainment","11":"tag-festivals","12":"tag-izklaide","13":"tag-konkurss","14":"tag-latvia","15":"tag-latvian","16":"tag-latviesu","17":"tag-latviesu-valoda","18":"tag-latviesuvaloda","19":"tag-latvija","20":"tag-lv"},"share_on_mastodon":{"url":"https:\/\/pubeurope.com\/@lv\/115931004433297555","error":""},"_links":{"self":[{"href":"https:\/\/www.europesays.com\/lv\/wp-json\/wp\/v2\/posts\/109809","targetHints":{"allow":["GET"]}}],"collection":[{"href":"https:\/\/www.europesays.com\/lv\/wp-json\/wp\/v2\/posts"}],"about":[{"href":"https:\/\/www.europesays.com\/lv\/wp-json\/wp\/v2\/types\/post"}],"author":[{"embeddable":true,"href":"https:\/\/www.europesays.com\/lv\/wp-json\/wp\/v2\/users\/2"}],"replies":[{"embeddable":true,"href":"https:\/\/www.europesays.com\/lv\/wp-json\/wp\/v2\/comments?post=109809"}],"version-history":[{"count":0,"href":"https:\/\/www.europesays.com\/lv\/wp-json\/wp\/v2\/posts\/109809\/revisions"}],"wp:featuredmedia":[{"embeddable":true,"href":"https:\/\/www.europesays.com\/lv\/wp-json\/wp\/v2\/media\/109810"}],"wp:attachment":[{"href":"https:\/\/www.europesays.com\/lv\/wp-json\/wp\/v2\/media?parent=109809"}],"wp:term":[{"taxonomy":"category","embeddable":true,"href":"https:\/\/www.europesays.com\/lv\/wp-json\/wp\/v2\/categories?post=109809"},{"taxonomy":"post_tag","embeddable":true,"href":"https:\/\/www.europesays.com\/lv\/wp-json\/wp\/v2\/tags?post=109809"}],"curies":[{"name":"wp","href":"https:\/\/api.w.org\/{rel}","templated":true}]}}