{"id":109813,"date":"2026-01-21T03:44:06","date_gmt":"2026-01-21T03:44:06","guid":{"rendered":"https:\/\/www.europesays.com\/lv\/109813\/"},"modified":"2026-01-21T03:44:06","modified_gmt":"2026-01-21T03:44:06","slug":"ilmars-bricis-atgriezas-latvijas-biatlona-izlase-pec-diskvalifikacijas-lente-lv","status":"publish","type":"post","link":"https:\/\/www.europesays.com\/lv\/109813\/","title":{"rendered":"Ilm\u0101rs Bricis atgrie\u017eas Latvijas biatlona izlas\u0113 p\u0113c diskvalifik\u0101cijas\u00a0\u2014\u00a0Lente.lv"},"content":{"rendered":"<p>Bricis atjaunojis darbu izlas\u0113<\/p>\n<p>Biatlona treneris Ilm\u0101rs Bricis, kur\u0161 pag\u0101ju\u0161\u0101 gada pasaules \u010dempion\u0101ta laik\u0101 iesaist\u012bj\u0101s fizisk\u0101 konflikt\u0101 ar biatlonistu Andreju Rastorgujevu, ir izcietis savu se\u0161u m\u0113ne\u0161u diskvalifik\u0101ciju un atgriezies Latvijas izlases trenera korpus\u0101. K\u0101 inform\u0113 port\u0101ls jauns.lv, Bricis jau ir akredit\u0113ts darbam n\u0101kamaj\u0101 Pasaules kausa posm\u0101 \u010cehijas Nove Mesto tras\u0113, kas notiks no 22. l\u012bdz 25. janv\u0101rim.<\/p>\n<p>Konflikts un diskvalifik\u0101cija<\/p>\n<p>Incidents starp Brici un Rastorgujevu notika 2025. gada pasaules \u010dempion\u0101ta laik\u0101 \u0160veic\u0113. Rastorgujevs publiski pazi\u0146oja, ka Bricis vi\u0146am fiziski uzbrucis, k\u0101 rezult\u0101t\u0101 sportistam tika lauzts pirksts un traum\u0113ts plecs, kas priek\u0161laic\u012bgi nosl\u0113dza vi\u0146a sezonu. Savuk\u0101rt Bricis pauda, ka konfliktu izrais\u012bjis Rastorgujevs, un vi\u0146\u0161 pielietojis fizisku sp\u0113ku, lai aizst\u0101v\u0113tu savu \u0123imeni. Lietu izskat\u012bja Biatlona integrit\u0101tes vien\u012bba (BIU), kas Brici diskvalific\u0113ja uz se\u0161iem m\u0113ne\u0161iem. \u0160is sods tika noteikts l\u012bdz 2026. gada 18. janv\u0101rim. BIU vad\u012bba atzina, ka Bricis sadarbojies izmekl\u0113\u0161anas laik\u0101, kas tika \u0146emts v\u0113r\u0101, nosakot soda apm\u0113ru. P\u0113c konflikta Bricis atk\u0101p\u0101s no Latvijas Olimpisk\u0101s vien\u012bbas galven\u0101 trenera amata, bet Rastorgujevs neturpin\u0101ja sezonu.<\/p>\n<p>Atgrie\u0161an\u0101s darb\u0101<\/p>\n<p>P\u0113c diskvalifik\u0101cijas izcie\u0161anas Ilm\u0101rs Bricis ir pilnv\u0113rt\u012bgi atgriezies Latvijas biatlona izlas\u0113. Latvijas Biatlona feder\u0101cijas (LBF) prezidents Kaspars Sakni\u0146\u0161 apstiprin\u0101jis, ka Bricis ir akredit\u0113ts n\u0101kamajam Pasaules kausa posmam Nove Mesto, kas ir p\u0113d\u0113jais posms pirms 2026. gada Mil\u0101nas olimpiskaj\u0101m sp\u0113l\u0113m. Lai gan Bri\u010da v\u0101rds nebija atrodams s\u0101kotn\u0113ji izzi\u0146otaj\u0101 valstsvien\u012bbas sast\u0101v\u0101 dal\u012bbai olimpiskaj\u0101s sp\u0113l\u0113s, vi\u0146a atgrie\u0161an\u0101s izlas\u0113 ofici\u0101li apstiprin\u0101ta. Pagaid\u0101m nav pla\u0161\u0101ka inform\u0101cija par vi\u0146a potenci\u0101lo dal\u012bbu mil\u0101nas olimpiskaj\u0101s sp\u0113l\u0113s.<\/p>\n<p>Ilm\u0101ra Bri\u010da karjera biatlon\u0101<\/p>\n<p>Ilm\u0101rs Bricis ir biju\u0161ais Latvijas biatlonists, kur\u0161 savas sportista karjeras laik\u0101 izc\u012bn\u012bjis divas bronzas meda\u013cas Pasaules \u010dempion\u0101tos. P\u0113c sportista karjeras beig\u0101m vi\u0146\u0161 piev\u0113rsies trenera darbam, tren\u0113jot gan Latvijas jaunie\u0161u un junioru izlases, gan ar\u012b bijis Latvijas sievie\u0161u izlases galvenais treneris. Vi\u0146\u0161 ir ar\u012b ilggad\u0113j\u0101s Latvijas biatlona l\u012bderes Baibas Bendikas treneris un dz\u012bvesbiedrs.<\/p>\n","protected":false},"excerpt":{"rendered":"Bricis atjaunojis darbu izlas\u0113 Biatlona treneris Ilm\u0101rs Bricis, kur\u0161 pag\u0101ju\u0161\u0101 gada pasaules \u010dempion\u0101ta laik\u0101 iesaist\u012bj\u0101s fizisk\u0101 konflikt\u0101 ar&hellip;\n","protected":false},"author":2,"featured_media":109814,"comment_status":"","ping_status":"","sticky":false,"template":"","format":"standard","meta":{"footnotes":""},"categories":[17],"tags":[1498,26002,5862,26001,35,39,38,36,37,34,4765,40,67],"class_list":{"0":"post-109813","1":"post","2":"type-post","3":"status-publish","4":"format-standard","5":"has-post-thumbnail","7":"category-sports","8":"tag-andrejs-rastorgujevs","9":"tag-biatlon","10":"tag-diskvalifikacija","11":"tag-ilmars-bricis","12":"tag-latvia","13":"tag-latvian","14":"tag-latviesu","15":"tag-latviesu-valoda","16":"tag-latviesuvaloda","17":"tag-latvija","18":"tag-latvijas-izlase","19":"tag-lv","20":"tag-sports"},"share_on_mastodon":{"url":"https:\/\/pubeurope.com\/@lv\/115931031976041477","error":""},"_links":{"self":[{"href":"https:\/\/www.europesays.com\/lv\/wp-json\/wp\/v2\/posts\/109813","targetHints":{"allow":["GET"]}}],"collection":[{"href":"https:\/\/www.europesays.com\/lv\/wp-json\/wp\/v2\/posts"}],"about":[{"href":"https:\/\/www.europesays.com\/lv\/wp-json\/wp\/v2\/types\/post"}],"author":[{"embeddable":true,"href":"https:\/\/www.europesays.com\/lv\/wp-json\/wp\/v2\/users\/2"}],"replies":[{"embeddable":true,"href":"https:\/\/www.europesays.com\/lv\/wp-json\/wp\/v2\/comments?post=109813"}],"version-history":[{"count":0,"href":"https:\/\/www.europesays.com\/lv\/wp-json\/wp\/v2\/posts\/109813\/revisions"}],"wp:featuredmedia":[{"embeddable":true,"href":"https:\/\/www.europesays.com\/lv\/wp-json\/wp\/v2\/media\/109814"}],"wp:attachment":[{"href":"https:\/\/www.europesays.com\/lv\/wp-json\/wp\/v2\/media?parent=109813"}],"wp:term":[{"taxonomy":"category","embeddable":true,"href":"https:\/\/www.europesays.com\/lv\/wp-json\/wp\/v2\/categories?post=109813"},{"taxonomy":"post_tag","embeddable":true,"href":"https:\/\/www.europesays.com\/lv\/wp-json\/wp\/v2\/tags?post=109813"}],"curies":[{"name":"wp","href":"https:\/\/api.w.org\/{rel}","templated":true}]}}