{"id":109827,"date":"2026-01-21T04:48:11","date_gmt":"2026-01-21T04:48:11","guid":{"rendered":"https:\/\/www.europesays.com\/lv\/109827\/"},"modified":"2026-01-21T04:48:11","modified_gmt":"2026-01-21T04:48:11","slug":"nakti-uz-tresdienu-temperatura-noslides-lidz-25-gradiem-un-iespejama-ziemelblazma","status":"publish","type":"post","link":"https:\/\/www.europesays.com\/lv\/109827\/","title":{"rendered":"Nakt\u012b uz tre\u0161dienu temperat\u016bra nosl\u012bd\u0113s l\u012bdz -25 gr\u0101diem un iesp\u0113jama zieme\u013cbl\u0101zma"},"content":{"rendered":"<p>Nakt\u012b uz tre\u0161dienu temperat\u016bra daudzviet pazemin\u0101sies l\u012bdz -20..-25 gr\u0101diem. Krietni silt\u0101k b\u016bs zem m\u0101ko\u0146u segas, kas galvenok\u0101rt gaid\u0101ma Kurzem\u0113, bet iesp\u0113jama ar\u012b citviet valst\u012b. Viet\u0101m Kurzemes piekrast\u0113 gaisa temperat\u016bra var nenosl\u012bd\u0113t zem -10 gr\u0101diem.<\/p>\n<p>Da\u017eviet veidosies migla un sarma, nav gaid\u0101mi b\u016btiski nokri\u0161\u0146i. Iesp\u0113jama zieme\u013cbl\u0101zma. Daudzviet b\u016bs slikta gaisa kvalit\u0101te.<\/p>\n<p>Dien\u0101 m\u0101ko\u0146i da\u013c\u0113ji kl\u0101s Latvijas debesis, viet\u0101m mazliet snigs, p\u016bt\u012bs l\u0113ns l\u012bdz m\u0113rens austrumu v\u0113j\u0161, bet R\u012bgas l\u012b\u010da Kurzemes piekrast\u0113 v\u0113j\u0161 br\u0101zm\u0101s pastiprin\u0101sies l\u012bdz 15 metriem sekund\u0113.<\/p>\n<p>Maksim\u0101l\u0101 gaisa temperat\u016bra tre\u0161dien b\u016bs -3..-9 gr\u0101di, valsts dienvidu pus\u0113 &#8211; l\u012bdz -12 gr\u0101diem.<\/p>\n<p>R\u012bg\u0101 b\u016bs main\u012bgs m\u0101ko\u0146u daudzums, nav gaid\u0101mi nokri\u0161\u0146i. Bezv\u0113ju nomain\u012bs l\u0113ns l\u012bdz m\u0113rens austrumu v\u0113j\u0161. Gaisa temperat\u016bra nakt\u012b pils\u0113tas centr\u0101 sv\u0101rst\u012bsies ap -15 gr\u0101diem, Pier\u012bg\u0101 gaid\u0101ms aukstums l\u012bdz -22 gr\u0101diem; tre\u0161dienas p\u0113cpusdien\u0101 un vakar\u0101 gaiss iesils l\u012bdz -8 gr\u0101diem.<\/p>\n","protected":false},"excerpt":{"rendered":"Nakt\u012b uz tre\u0161dienu temperat\u016bra daudzviet pazemin\u0101sies l\u012bdz -20..-25 gr\u0101diem. Krietni silt\u0101k b\u016bs zem m\u0101ko\u0146u segas, kas galvenok\u0101rt gaid\u0101ma&hellip;\n","protected":false},"author":2,"featured_media":109828,"comment_status":"","ping_status":"","sticky":false,"template":"","format":"standard","meta":{"footnotes":""},"categories":[5],"tags":[23,28,29,32,33,22,1811,396,397,30,31,35,39,38,36,37,34,40,20,26,27,24,25,21],"class_list":{"0":"post-109827","1":"post","2":"type-post","3":"status-publish","4":"format-standard","5":"has-post-thumbnail","7":"category-aktualitates","8":"tag-aktualitates","9":"tag-breaking-news","10":"tag-breakingnews","11":"tag-featured-news","12":"tag-featurednews","13":"tag-headlines","14":"tag-laika-zina","15":"tag-laika-zinas","16":"tag-laikapstakli","17":"tag-latest-news","18":"tag-latestnews","19":"tag-latvia","20":"tag-latvian","21":"tag-latviesu","22":"tag-latviesu-valoda","23":"tag-latviesuvaloda","24":"tag-latvija","25":"tag-lv","26":"tag-news","27":"tag-popularakas-zinas","28":"tag-popularakaszinas","29":"tag-top-stories","30":"tag-topstories","31":"tag-zinas"},"share_on_mastodon":{"url":"https:\/\/pubeurope.com\/@lv\/115931283615462807","error":""},"_links":{"self":[{"href":"https:\/\/www.europesays.com\/lv\/wp-json\/wp\/v2\/posts\/109827","targetHints":{"allow":["GET"]}}],"collection":[{"href":"https:\/\/www.europesays.com\/lv\/wp-json\/wp\/v2\/posts"}],"about":[{"href":"https:\/\/www.europesays.com\/lv\/wp-json\/wp\/v2\/types\/post"}],"author":[{"embeddable":true,"href":"https:\/\/www.europesays.com\/lv\/wp-json\/wp\/v2\/users\/2"}],"replies":[{"embeddable":true,"href":"https:\/\/www.europesays.com\/lv\/wp-json\/wp\/v2\/comments?post=109827"}],"version-history":[{"count":0,"href":"https:\/\/www.europesays.com\/lv\/wp-json\/wp\/v2\/posts\/109827\/revisions"}],"wp:featuredmedia":[{"embeddable":true,"href":"https:\/\/www.europesays.com\/lv\/wp-json\/wp\/v2\/media\/109828"}],"wp:attachment":[{"href":"https:\/\/www.europesays.com\/lv\/wp-json\/wp\/v2\/media?parent=109827"}],"wp:term":[{"taxonomy":"category","embeddable":true,"href":"https:\/\/www.europesays.com\/lv\/wp-json\/wp\/v2\/categories?post=109827"},{"taxonomy":"post_tag","embeddable":true,"href":"https:\/\/www.europesays.com\/lv\/wp-json\/wp\/v2\/tags?post=109827"}],"curies":[{"name":"wp","href":"https:\/\/api.w.org\/{rel}","templated":true}]}}