{"id":109859,"date":"2026-01-21T05:42:11","date_gmt":"2026-01-21T05:42:11","guid":{"rendered":"https:\/\/www.europesays.com\/lv\/109859\/"},"modified":"2026-01-21T05:42:11","modified_gmt":"2026-01-21T05:42:11","slug":"ostapenko-izsaka-domas-pec-sesu-zaudejumu-serijas-partrauksanas","status":"publish","type":"post","link":"https:\/\/www.europesays.com\/lv\/109859\/","title":{"rendered":"Ostapenko izsaka domas p\u0113c se\u0161u zaud\u0113jumu s\u0113rijas p\u0101rtrauk\u0161anas"},"content":{"rendered":"<p>Jau zi\u0146ots, ka pirm\u0101s k\u0101rtas ma\u010d\u0101 ar 24. numuru turn\u012br\u0101 izs\u0113t\u0101 Ostapenko (WTA 24.) ar 6-4, 6-4 pieveica slov\u0101kieti Rebeku \u0160ramkovu (WTA 73).<\/p>\n<p>&#8220;Pirm\u0101 k\u0101rta vienm\u0113r ir gr\u016bta,&#8221; p\u0113c uzvaras sac\u012bja Ostapenko. &#8220;Pretiniece labi darboj\u0101s garaj\u0101s izsp\u0113l\u0113s un kopum\u0101 sp\u0113l\u0113ja \u013coti labi. Esmu apmierin\u0101ta ar to, k\u0101 nosl\u0113dzu ma\u010du, neskatoties uz to, ka \u013c\u0101vu vi\u0146ai atsp\u0113l\u0113ties no 1-5 l\u012bdz 4-5.&#8221;<\/p>\n<p>Otraj\u0101 k\u0101rt\u0101 Ostapenko pretiniece b\u016bs Sji\u0146jui Vana (WTA 43.) no \u0136\u012bnas, kura pirmaj\u0101 ma\u010d\u0101 ar 6-3, 6-3 pieveica kvalifik\u0101ciju p\u0101rvar\u0113ju\u0161o ukrainieti Anhelinu Ka\u013ci\u0146inu (WTA 178.).<\/p>\n<p>&#8220;Pretiniece ir laba sp\u0113l\u0113t\u0101ja un m\u016bsu ma\u010d\u0101 noteikti b\u016bs gaid\u0101mas vair\u0101kas situ\u0101cijas ar sitienu apmai\u0146\u0101m, jo vi\u0146ai pat\u012bk izpild\u012bt sp\u0113c\u012bgus sitienus,&#8221; savu n\u0101kamo pretinieci raksturoja Ostapenko, kurai \u0161\u012b bija pirm\u0101 uzvara p\u0113c se\u0161u zaud\u0113jumu s\u0113rijas viensp\u0113l\u0113s. &#8220;Dom\u0101ju, ka varam gaid\u012bt labu c\u012b\u0146u.&#8221;<\/p>\n<p>Latvijas pirm\u0101 rakete nor\u0101d\u012bja, ka sagatavo\u0161an\u0101s posms jaunajai sezonai norit\u0113jis labi, lai gan vi\u0146a p\u0113d\u0113j\u0101s divas sp\u0113les zaud\u0113jusi. &#8220;T\u0101s nenosp\u0113l\u0113ju sav\u0101 l\u012bmen\u012b, lai gan pati sp\u0113le nekur nebija pazudusi,&#8221; sarun\u0101 ar medijiem teica Ostapenko. &#8220;Treni\u0146os viss izdev\u0101s, un tagad \u0161\u012b p\u0101rliec\u012bba j\u0101p\u0101rnes kort\u0101.&#8221;<\/p>\n","protected":false},"excerpt":{"rendered":"Jau zi\u0146ots, ka pirm\u0101s k\u0101rtas ma\u010d\u0101 ar 24. numuru turn\u012br\u0101 izs\u0113t\u0101 Ostapenko (WTA 24.) ar 6-4, 6-4 pieveica&hellip;\n","protected":false},"author":2,"featured_media":109860,"comment_status":"","ping_status":"","sticky":false,"template":"","format":"standard","meta":{"footnotes":""},"categories":[5],"tags":[23,680,28,29,32,33,22,30,31,35,39,38,36,37,34,40,20,26,27,941,683,24,25,21],"class_list":{"0":"post-109859","1":"post","2":"type-post","3":"status-publish","4":"format-standard","5":"has-post-thumbnail","7":"category-aktualitates","8":"tag-aktualitates","9":"tag-alona-ostapenko","10":"tag-breaking-news","11":"tag-breakingnews","12":"tag-featured-news","13":"tag-featurednews","14":"tag-headlines","15":"tag-latest-news","16":"tag-latestnews","17":"tag-latvia","18":"tag-latvian","19":"tag-latviesu","20":"tag-latviesu-valoda","21":"tag-latviesuvaloda","22":"tag-latvija","23":"tag-lv","24":"tag-news","25":"tag-popularakas-zinas","26":"tag-popularakaszinas","27":"tag-sieviesu-teniss","28":"tag-teniss","29":"tag-top-stories","30":"tag-topstories","31":"tag-zinas"},"share_on_mastodon":{"url":"https:\/\/pubeurope.com\/@lv\/115931495967825148","error":""},"_links":{"self":[{"href":"https:\/\/www.europesays.com\/lv\/wp-json\/wp\/v2\/posts\/109859","targetHints":{"allow":["GET"]}}],"collection":[{"href":"https:\/\/www.europesays.com\/lv\/wp-json\/wp\/v2\/posts"}],"about":[{"href":"https:\/\/www.europesays.com\/lv\/wp-json\/wp\/v2\/types\/post"}],"author":[{"embeddable":true,"href":"https:\/\/www.europesays.com\/lv\/wp-json\/wp\/v2\/users\/2"}],"replies":[{"embeddable":true,"href":"https:\/\/www.europesays.com\/lv\/wp-json\/wp\/v2\/comments?post=109859"}],"version-history":[{"count":0,"href":"https:\/\/www.europesays.com\/lv\/wp-json\/wp\/v2\/posts\/109859\/revisions"}],"wp:featuredmedia":[{"embeddable":true,"href":"https:\/\/www.europesays.com\/lv\/wp-json\/wp\/v2\/media\/109860"}],"wp:attachment":[{"href":"https:\/\/www.europesays.com\/lv\/wp-json\/wp\/v2\/media?parent=109859"}],"wp:term":[{"taxonomy":"category","embeddable":true,"href":"https:\/\/www.europesays.com\/lv\/wp-json\/wp\/v2\/categories?post=109859"},{"taxonomy":"post_tag","embeddable":true,"href":"https:\/\/www.europesays.com\/lv\/wp-json\/wp\/v2\/tags?post=109859"}],"curies":[{"name":"wp","href":"https:\/\/api.w.org\/{rel}","templated":true}]}}